{"id":65169,"date":"2022-09-16T09:11:15","date_gmt":"2022-09-16T07:11:15","guid":{"rendered":"https:\/\/prizrenpost.com\/al\/?p=65169"},"modified":"2022-09-16T09:11:15","modified_gmt":"2022-09-16T07:11:15","slug":"pritje-deri-ne-3-vjet-per-te-marre-sherbim-ne-qkuk","status":"publish","type":"post","link":"https:\/\/prizrenpost.com\/al\/pritje-deri-ne-3-vjet-per-te-marre-sherbim-ne-qkuk\/","title":{"rendered":"Pritje deri n\u00eb 3 vjet p\u00ebr t\u00eb marr\u00eb sh\u00ebrbim n\u00eb QKUK"},"content":{"rendered":"<p><img decoding=\"async\" src=\"https:\/\/prizrenpost.com\/al\/wp-content\/uploads\/2022\/09\/DE876E52-0753-4511-9FBF-B9604C6A4B1F.jpeg\" alt=\"\" width=\"100%\" height=\"\" class=\"alignnone size-full wp-image-65170\" srcset=\"https:\/\/prizrenpost.com\/al\/wp-content\/uploads\/2022\/09\/DE876E52-0753-4511-9FBF-B9604C6A4B1F.jpeg 408w, https:\/\/prizrenpost.com\/al\/wp-content\/uploads\/2022\/09\/DE876E52-0753-4511-9FBF-B9604C6A4B1F-300x169.jpeg 300w\" sizes=\"(max-width: 408px) 100vw, 408px\" \/><\/p>\n<p><strong>PRISHTIN\u00cb &#8211; Zahrije Shala, nj\u00eb grua n\u00eb t\u00eb 50-tat nga Malisheva, thot\u00eb se i \u00ebsht\u00eb dashur t\u00eb pres\u00eb tre vjet p\u00ebr t\u00eb kryer nj\u00eb operacion n\u00eb Klinik\u00ebn e Kirurgjis\u00eb Vaskulare t\u00eb Qendr\u00ebs Klinike Universitare t\u00eb Kosov\u00ebs (QKUK).<\/strong><\/p>\n<p>\u201cVet\u00ebm tash, pas gjith\u00eb asaj pritjeje, kam arritur ta kryej operacionin n\u00eb k\u00ebmb\u00eb\u201d, thot\u00eb Zahrija.<\/p>\n<p>Ajo kishte probleme me venat e gjakut dhe \u00ebsht\u00eb gati t\u00eb p\u00ebrfundoj\u00eb rikuperimin n\u00eb spital. Thot\u00eb se pritja e gjat\u00eb p\u00ebr operacion ia ka r\u00ebnduar si s\u00ebmundjen, ashtu edhe gjendjen psikologjike.<\/p>\n<p>Si Zahrija jan\u00eb edhe qindra pacient\u00eb t\u00eb tjer\u00eb n\u00eb klinika t\u00eb ndryshme t\u00eb QKUK-s\u00eb, q\u00eb presin me muaj apo vite p\u00ebr t\u2019iu n\u00ebnshtruar operacioneve. Disa nuk arrijn\u00eb, sepse vdesin nd\u00ebrkoh\u00eb.<\/p>\n<p>Drejtori i Klinik\u00ebs s\u00eb Kirurgjis\u00eb Vaskulare, Hajriz Rudari, thot\u00eb se pritjet kan\u00eb qen\u00eb edhe m\u00eb t\u00eb gjata deri para dy vjet\u00ebsh, kur klinika q\u00eb udh\u00ebheq ai, nuk ka pasur sall\u00eb operacioni dhe sh\u00ebrbimi \u00ebsht\u00eb kryer n\u00eb klinika t\u00eb tjera.<\/p>\n<p>Pritja ka zgjatur \u201ckat\u00ebr deri n\u00eb pes\u00eb vjet\u201d, thot\u00eb ai.<\/p>\n<p>\u201cTani kemi sall\u00eb operacioni, por kemi munges\u00eb t\u00eb anesteziolog\u00ebve\u201d, thot\u00eb Rudari p\u00ebr Radion Evropa e Lir\u00eb.<\/p>\n<p>Sipas tij, pacient\u00ebt e s\u00ebmur\u00eb r\u00ebnd\u00eb trajtohen me prioritet &#8211; t\u00eb tjer\u00ebt presin.<\/p>\n<p>\u201c\u00c7\u00ebshtja e operimit t\u00eb venave \u00ebsht\u00eb patologji q\u00eb edhe n\u00ebse pret, pacienti nuk rrezikon asgj\u00eb\u201d, thot\u00eb Rudari.<\/p>\n<p>Klinika e Kirurgjis\u00eb Vaskulare \u00ebsht\u00eb e vetmja n\u00eb Kosov\u00eb q\u00eb merret me patologjin\u00eb e venave, t\u00eb arterieve, t\u00eb shput\u00ebs diabetike e t\u00eb tjera. N\u00eb gjasht\u00eb muajt e fundit, aty jan\u00eb kryer rreth 200 operacione &#8211; p\u00ebrfshir\u00eb raste urgjente dhe nga lista e pritjes. Klinika funksionon me 13 kirurg\u00eb dhe ka 24 shtret\u00ebr p\u00ebr pacient\u00ebt nga gjith\u00eb Kosova.<\/p>\n<p>\u201cKur nuk ke para t\u00eb shkosh n\u00eb privat, duhet t\u00eb pres\u00ebsh\u201d<\/p>\n<p>Situat\u00eb e ngjashme me pritje \u00ebsht\u00eb edhe n\u00eb Klinik\u00ebn e Radiologjis\u00eb t\u00eb QKUK-s\u00eb.<br \/>\nPajazit Ademi thot\u00eb se mjek\u00ebt i kan\u00eb rekomanduar t\u2019i b\u00ebj\u00eb rrezatim krahut n\u00eb muajin shkurt. Terminin p\u00ebr k\u00ebt\u00eb sh\u00ebrbim, q\u00eb njihet edhe si CT, e ka m\u00eb 16 shtator.<\/p>\n<p>\u201cPrej muajit shkurt jam duke pritur. Kam pasur ta b\u00ebj n\u00eb muajin e 11-t\u00eb, por m\u00eb kan\u00eb thirrur dhe ma kan\u00eb caktuar nj\u00eb dat\u00eb p\u00ebr k\u00ebt\u00eb muaj. Pritja \u00ebsht\u00eb e mundimshme, por kur nuk ke para t\u00eb shkosh n\u00eb [institucion] privat, duhet t\u00eb pres\u00ebsh\u201d, thot\u00eb ky pensionist nga Prishtina, duke u ankuar p\u00ebr p\u00ebrkeq\u00ebsim t\u00eb gjendjes sh\u00ebndet\u00ebsore.<\/p>\n<p>Drejtoresha e Klinik\u00ebs s\u00eb Radiologjis\u00eb, Shk\u00ebndije Nuza, pranon se rastet ambulantore presin 10 deri n\u00eb 11 muaj p\u00ebr sh\u00ebrbime, nd\u00ebrsa t\u00eb hospitalizuarit, sipas saj, kan\u00eb prioritet.<\/p>\n<p>\u201c[Pritjet ndodhin] sepse n\u00eb disa komuna t\u00eb Kosov\u00ebs, nuk po kryhen rrezatime, edhe pse ato i kan\u00eb aparaturat\u201d, thot\u00eb Nuza p\u00ebr Radion Evropa e Lir\u00eb, por pa specifikuar ndonj\u00eb komun\u00eb.<\/p>\n<p>Ka raste kur pacient\u00eb nga lista e pritjes vdesin<\/p>\n<p>N\u00eb Klinik\u00ebn e Radiologjis\u00eb punojn\u00eb rreth 30 radiolog\u00eb dhe brenda dit\u00ebs kryhen mbi 20 rrezatime.<\/p>\n<p>REL ka arritur t\u00eb shoh\u00eb list\u00ebn e pacient\u00ebve q\u00eb presin p\u00ebr CT n\u00eb k\u00ebt\u00eb klinik\u00eb dhe p\u00ebr emrin e fundit n\u00eb list\u00eb figuron data 1 gusht 2023.<\/p>\n<p>\u201cLista, her\u00eb pas here, p\u00ebson ndryshime, pasi q\u00eb ka pacient\u00eb q\u00eb kryejn\u00eb pun\u00eb edhe n\u00eb spitale private. Ka raste edhe kur pacient\u00ebt m\u00eb n\u00eb mosh\u00eb vdesin\u201d, thot\u00eb nj\u00eb infermiere e Radiologjis\u00eb, e cila nuk d\u00ebshiron t\u00eb identifikohet.<\/p>\n<p>Antigona \u00ebsht\u00eb nj\u00eb tjet\u00ebr grua &#8211; n\u00eb t\u00eb 30-tat, nga Komuna e Lipjanit &#8211; q\u00eb ka pritur tre muaj p\u00ebr t\u2019iu n\u00ebnshtruar nj\u00eb operacioni n\u00eb gji n\u00eb Klinik\u00ebn e Kirurgjis\u00eb Torakale t\u00eb QKUK-s\u00eb.<\/p>\n<p>Ajo ka hyr\u00eb n\u00eb sall\u00eb paraditen e 8 shtatorit.<\/p>\n<p>\u201cPritja ka qen\u00eb goxha e r\u00ebnd\u00eb, sepse kisha mundim\u201d, tha ajo shkurtimisht p\u00ebr REL-in, derisa b\u00ebhej gati p\u00ebr operacion.<\/p>\n","protected":false},"excerpt":{"rendered":"<p>PRISHTIN\u00cb &#8211; Zahrije Shala, nj\u00eb grua n\u00eb t\u00eb 50-tat nga Malisheva, thot\u00eb se i \u00ebsht\u00eb dashur t\u00eb pres\u00eb tre vjet p\u00ebr t\u00eb kryer nj\u00eb operacion n\u00eb Klinik\u00ebn e Kirurgjis\u00eb Vaskulare t\u00eb Qendr\u00ebs Klinike Universitare t\u00eb Kosov\u00ebs (QKUK). \u201cVet\u00ebm tash, pas gjith\u00eb asaj pritjeje, kam arritur ta kryej operacionin n\u00eb k\u00ebmb\u00eb\u201d, thot\u00eb Zahrija. Ajo kishte probleme [&hellip;]<\/p>\n","protected":false},"author":1,"featured_media":65170,"comment_status":"open","ping_status":"open","sticky":false,"template":"","format":"standard","meta":{"footnotes":""},"categories":[5],"tags":[48,1206,49],"class_list":["post-65169","post","type-post","status-publish","format-standard","has-post-thumbnail","hentry","category-shendetesi","tag-kosove","tag-qkuk","tag-shendetesi"],"_links":{"self":[{"href":"https:\/\/prizrenpost.com\/al\/wp-json\/wp\/v2\/posts\/65169","targetHints":{"allow":["GET"]}}],"collection":[{"href":"https:\/\/prizrenpost.com\/al\/wp-json\/wp\/v2\/posts"}],"about":[{"href":"https:\/\/prizrenpost.com\/al\/wp-json\/wp\/v2\/types\/post"}],"author":[{"embeddable":true,"href":"https:\/\/prizrenpost.com\/al\/wp-json\/wp\/v2\/users\/1"}],"replies":[{"embeddable":true,"href":"https:\/\/prizrenpost.com\/al\/wp-json\/wp\/v2\/comments?post=65169"}],"version-history":[{"count":1,"href":"https:\/\/prizrenpost.com\/al\/wp-json\/wp\/v2\/posts\/65169\/revisions"}],"predecessor-version":[{"id":65171,"href":"https:\/\/prizrenpost.com\/al\/wp-json\/wp\/v2\/posts\/65169\/revisions\/65171"}],"wp:featuredmedia":[{"embeddable":true,"href":"https:\/\/prizrenpost.com\/al\/wp-json\/wp\/v2\/media\/65170"}],"wp:attachment":[{"href":"https:\/\/prizrenpost.com\/al\/wp-json\/wp\/v2\/media?parent=65169"}],"wp:term":[{"taxonomy":"category","embeddable":true,"href":"https:\/\/prizrenpost.com\/al\/wp-json\/wp\/v2\/categories?post=65169"},{"taxonomy":"post_tag","embeddable":true,"href":"https:\/\/prizrenpost.com\/al\/wp-json\/wp\/v2\/tags?post=65169"}],"curies":[{"name":"wp","href":"https:\/\/api.w.org\/{rel}","templated":true}]}}