{"id":65177,"date":"2022-09-16T12:11:43","date_gmt":"2022-09-16T10:11:43","guid":{"rendered":"https:\/\/prizrenpost.com\/al\/?p=65177"},"modified":"2022-09-16T12:11:43","modified_gmt":"2022-09-16T10:11:43","slug":"filharmonia-e-kosoves-do-te-hap-sezonin-artistik-me-ane-te-nje-koncerti","status":"publish","type":"post","link":"https:\/\/prizrenpost.com\/al\/filharmonia-e-kosoves-do-te-hap-sezonin-artistik-me-ane-te-nje-koncerti\/","title":{"rendered":"Filharmonia e Kosov\u00ebs do t\u00eb hap sezonin artistik me an\u00eb t\u00eb nj\u00eb koncerti"},"content":{"rendered":"<p><img decoding=\"async\" src=\"https:\/\/prizrenpost.com\/al\/wp-content\/uploads\/2022\/09\/filharmonia.jpg\" alt=\"\" width=\"100%\" height=\"\" class=\"alignnone size-full wp-image-65178\" srcset=\"https:\/\/prizrenpost.com\/al\/wp-content\/uploads\/2022\/09\/filharmonia.jpg 1240w, https:\/\/prizrenpost.com\/al\/wp-content\/uploads\/2022\/09\/filharmonia-300x186.jpg 300w, https:\/\/prizrenpost.com\/al\/wp-content\/uploads\/2022\/09\/filharmonia-1024x633.jpg 1024w, https:\/\/prizrenpost.com\/al\/wp-content\/uploads\/2022\/09\/filharmonia-768x475.jpg 768w\" sizes=\"(max-width: 1240px) 100vw, 1240px\" \/><\/p>\n<p><strong>PRIZREN &#8211; Filharmonia e Kosov\u00ebs do t\u00eb hap sezonin artistik 2022\/2023 me an\u00eb t\u00eb nj\u00eb koncerti.<\/strong><\/p>\n<p>Lidhur me k\u00ebt\u00eb sot do t\u00eb mbahet nj\u00eb konferenc\u00eb p\u00ebr media duke filluar nga ora 17:00 n\u00eb Atelien\u00eb (p\u00ebrball\u00eb Sall\u00ebs s\u00eb Kuqe) t\u00eb Pallatit t\u00eb Rinis\u00eb dhe Sportit n\u00eb Prishtin\u00eb.<\/p>\n<p>Hapja e sezonit do t\u00eb b\u00ebhet t\u00eb shtun\u00ebn prej or\u00ebs 20:00 me interpretimin e vepr\u00ebs \u201cMonade\u201d n\u00eb kineman\u00eb \u201cLumbardhi\u201d n\u00eb Prizren.<\/p>\n<p>\u201d \u2018Monade\u2019 \u00ebsht\u00eb suit\u00eb simfonike p\u00ebr piano, orkest\u00ebr, kor, solist\u00eb dhe multimedia e kompozuar nga kompozitori, pianisti dhe poli-instrumentisti Robert Bisha. Pas performanc\u00ebs n\u00eb solo piano \u2018Home Neverland\u2019 n\u00eb vitin 2020, Bisha u rikthye n\u00eb Prizren k\u00ebt\u00eb pranver\u00eb p\u00ebr nj\u00eb rezidenc\u00eb artistike, ku filloi procesin e hulumtimit dhe kompozimit, duke u njoftuar me historin\u00eb e Kino Lumbardhit dhe rrethanat e ndryshueshme p\u00ebrgjat\u00eb 70 viteve t\u00eb saj, p\u00ebrmes studimeve dhe takimeve me pjes\u00ebtar\u00eb t\u00eb komunitetit artistik\u201d.<\/p>\n<p>\u201cDuke u nisur nga ky k\u00ebrkim, ai kompozoi \u201cMonade\u201d, ku kinemaja konsiderohet si nj\u00eb instrument i p\u00ebrfshir\u00eb n\u00eb orkest\u00ebr. Kino Lumbardhi merret si epiqend\u00ebr p\u00ebr shqyrtimin e tematikave ky\u00e7e q\u00eb i p\u00ebrkasin historis\u00eb s\u00eb qytetit t\u00eb Prizrenit. K\u00ebshtu, nga perspektiva e kompozitorit, qyteti merret si vend shembullor p\u00ebr angazhimin e tij shoq\u00ebror p\u00ebrmes ndryshimeve q\u00eb kan\u00eb nis\u00eb te Kino Lumbardhi, thuhet n\u00eb njoftim<\/p>\n","protected":false},"excerpt":{"rendered":"<p>PRIZREN &#8211; Filharmonia e Kosov\u00ebs do t\u00eb hap sezonin artistik 2022\/2023 me an\u00eb t\u00eb nj\u00eb koncerti. Lidhur me k\u00ebt\u00eb sot do t\u00eb mbahet nj\u00eb konferenc\u00eb p\u00ebr media duke filluar nga ora 17:00 n\u00eb Atelien\u00eb (p\u00ebrball\u00eb Sall\u00ebs s\u00eb Kuqe) t\u00eb Pallatit t\u00eb Rinis\u00eb dhe Sportit n\u00eb Prishtin\u00eb. Hapja e sezonit do t\u00eb b\u00ebhet t\u00eb shtun\u00ebn prej [&hellip;]<\/p>\n","protected":false},"author":1,"featured_media":65178,"comment_status":"open","ping_status":"open","sticky":false,"template":"","format":"standard","meta":{"footnotes":""},"categories":[4],"tags":[6106,4229,41],"class_list":["post-65177","post","type-post","status-publish","format-standard","has-post-thumbnail","hentry","category-kulture","tag-filharmonia-e-kosoves","tag-koncert","tag-prizren"],"_links":{"self":[{"href":"https:\/\/prizrenpost.com\/al\/wp-json\/wp\/v2\/posts\/65177","targetHints":{"allow":["GET"]}}],"collection":[{"href":"https:\/\/prizrenpost.com\/al\/wp-json\/wp\/v2\/posts"}],"about":[{"href":"https:\/\/prizrenpost.com\/al\/wp-json\/wp\/v2\/types\/post"}],"author":[{"embeddable":true,"href":"https:\/\/prizrenpost.com\/al\/wp-json\/wp\/v2\/users\/1"}],"replies":[{"embeddable":true,"href":"https:\/\/prizrenpost.com\/al\/wp-json\/wp\/v2\/comments?post=65177"}],"version-history":[{"count":1,"href":"https:\/\/prizrenpost.com\/al\/wp-json\/wp\/v2\/posts\/65177\/revisions"}],"predecessor-version":[{"id":65179,"href":"https:\/\/prizrenpost.com\/al\/wp-json\/wp\/v2\/posts\/65177\/revisions\/65179"}],"wp:featuredmedia":[{"embeddable":true,"href":"https:\/\/prizrenpost.com\/al\/wp-json\/wp\/v2\/media\/65178"}],"wp:attachment":[{"href":"https:\/\/prizrenpost.com\/al\/wp-json\/wp\/v2\/media?parent=65177"}],"wp:term":[{"taxonomy":"category","embeddable":true,"href":"https:\/\/prizrenpost.com\/al\/wp-json\/wp\/v2\/categories?post=65177"},{"taxonomy":"post_tag","embeddable":true,"href":"https:\/\/prizrenpost.com\/al\/wp-json\/wp\/v2\/tags?post=65177"}],"curies":[{"name":"wp","href":"https:\/\/api.w.org\/{rel}","templated":true}]}}