{"id":65201,"date":"2022-09-17T16:40:10","date_gmt":"2022-09-17T14:40:10","guid":{"rendered":"https:\/\/prizrenpost.com\/al\/?p=65201"},"modified":"2022-09-17T16:40:10","modified_gmt":"2022-09-17T14:40:10","slug":"ne-ballkan-nuk-mund-te-kete-lufte-pa-serbine-as-paqe-pa-shqiptaret","status":"publish","type":"post","link":"https:\/\/prizrenpost.com\/al\/ne-ballkan-nuk-mund-te-kete-lufte-pa-serbine-as-paqe-pa-shqiptaret\/","title":{"rendered":"N\u00eb Ballkan nuk mund t\u00eb ket\u00eb luft\u00eb pa Serbin\u00eb, as paqe pa shqiptar\u00ebt"},"content":{"rendered":"<p><img decoding=\"async\" src=\"https:\/\/prizrenpost.com\/al\/wp-content\/uploads\/2022\/09\/kurti.jpeg\" alt=\"\" width=\"100%\" height=\"\" class=\"alignnone size-full wp-image-65202\" srcset=\"https:\/\/prizrenpost.com\/al\/wp-content\/uploads\/2022\/09\/kurti.jpeg 780w, https:\/\/prizrenpost.com\/al\/wp-content\/uploads\/2022\/09\/kurti-300x169.jpeg 300w, https:\/\/prizrenpost.com\/al\/wp-content\/uploads\/2022\/09\/kurti-768x432.jpeg 768w\" sizes=\"(max-width: 780px) 100vw, 780px\" \/><\/p>\n<p><strong>PRISHTIN\u00cb &#8211; Kryeministri i Kosov\u00ebs, Albin Kurti, n\u00eb nj\u00eb intervist\u00eb p\u00ebr gazet\u00ebn kroate \u201cVecernji list\u201d, ka folur hapur p\u00ebr situat\u00ebn e p\u00ebrgjithshme n\u00eb Kosov\u00eb dhe shprehu shqet\u00ebsimin se Serbia po armatos fuqish\u00ebm ushtrin\u00eb e saj me pajisje q\u00eb i merr nga Rusia dhe Kina dhe d\u00ebshiron q\u00eb disi t\u00eb vendoset n\u00eb Ballkan si alternativ\u00eb ndaj Per\u00ebndimit demokratik.<\/strong><\/p>\n<p>Sipas gazet\u00ebs kroate, Kurti nuk e p\u00ebrjashton mund\u00ebsin\u00eb e nj\u00eb lufte n\u00eb Kosov\u00eb sepse n\u00eb an\u00ebn serbe t\u00eb kufirit me Kosov\u00ebn ka rreth 48 baza operative sulmuese progresive rreth kufirit nd\u00ebrmjet Kosov\u00ebs dhe Serbis\u00eb, prej t\u00eb cilave 28 jan\u00eb ushtarake dhe 20 sosh i p\u00ebrkasin xhandarm\u00ebris\u00eb.<\/p>\n<p>Kurti beson se do t\u00eb ishte e pap\u00ebrgjegjshme t\u00eb thuhet se nuk do t\u00eb ket\u00eb kurr\u00eb konflikt, se nuk do t\u00eb ket\u00eb m\u00eb kurr\u00eb luft\u00eb.<\/p>\n<p>\u201cN\u00ebse nuk ka p\u00ebrgatitje p\u00ebr luft\u00eb, pse at\u00ebher\u00eb vitin e kaluar Serbia dhe Rusia kan\u00eb pasur 104 st\u00ebrvitje dhe aktivitete t\u00eb p\u00ebrbashk\u00ebta ushtarake dhe kurse kishin planifikuar 91 sosh. Nga ato st\u00ebrvitje ushtarake, dy m\u00eb t\u00eb r\u00ebnd\u00ebsishmet jan\u00eb quajtur \u2018Mburoja sllave\u2019 dhe \u2018V\u00ebllaz\u00ebria sllave\u2019\u201d, thot\u00eb Kurti, transmeton Telegrafi.<\/p>\n<p>Nd\u00ebr t\u00eb tjera, Kurti foli edhe pse kund\u00ebrshton krijimin e nj\u00eb Asociacionit t\u00eb komunave serbe, duke theksuar se kjo do t\u00eb ishte p\u00ebrgatitje p\u00ebr krijimin e nj\u00eb Republika Srpska t\u00eb re.<\/p>\n<p>Ai posa\u00e7\u00ebrisht ka theksuar se p\u00ebrderisa serb\u00ebt kan\u00eb \u00ebndrra p\u00ebr Kosov\u00ebn pjes\u00eb t\u00eb Serbis\u00eb, k\u00ebto \u00ebndrra do t\u00eb kthehen n\u00eb makth p\u00ebr Ballkanin, duke theksuar se \u201cn\u00eb Ballkan nuk mund t\u00eb ket\u00eb luft\u00eb pa Serbin\u00eb, por as nuk mund t\u00eb ket\u00eb paqe pa shqiptar\u00ebt\u201d.<\/p>\n<p>Sipas Kurtit, gj\u00ebja m\u00eb e rrezikshme \u00ebsht\u00eb se lidershipi i Serbis\u00eb konsideron se Rusia \u00ebsht\u00eb n\u00ebna e Serbis\u00eb dhe thekson se p\u00ebr k\u00ebt\u00eb arsye rrethanat n\u00eb Ballkan jan\u00eb t\u00eb p\u00ebrplot rreziqe dhe frik\u00eb.<\/p>\n","protected":false},"excerpt":{"rendered":"<p>PRISHTIN\u00cb &#8211; Kryeministri i Kosov\u00ebs, Albin Kurti, n\u00eb nj\u00eb intervist\u00eb p\u00ebr gazet\u00ebn kroate \u201cVecernji list\u201d, ka folur hapur p\u00ebr situat\u00ebn e p\u00ebrgjithshme n\u00eb Kosov\u00eb dhe shprehu shqet\u00ebsimin se Serbia po armatos fuqish\u00ebm ushtrin\u00eb e saj me pajisje q\u00eb i merr nga Rusia dhe Kina dhe d\u00ebshiron q\u00eb disi t\u00eb vendoset n\u00eb Ballkan si alternativ\u00eb ndaj [&hellip;]<\/p>\n","protected":false},"author":1,"featured_media":65202,"comment_status":"open","ping_status":"open","sticky":false,"template":"","format":"standard","meta":{"footnotes":""},"categories":[14],"tags":[877,895,287,3213,6110,799],"class_list":["post-65201","post","type-post","status-publish","format-standard","has-post-thumbnail","hentry","category-kombetare","tag-albin-kurti","tag-ballkani","tag-kosova","tag-lufta","tag-paqja","tag-serbia"],"_links":{"self":[{"href":"https:\/\/prizrenpost.com\/al\/wp-json\/wp\/v2\/posts\/65201","targetHints":{"allow":["GET"]}}],"collection":[{"href":"https:\/\/prizrenpost.com\/al\/wp-json\/wp\/v2\/posts"}],"about":[{"href":"https:\/\/prizrenpost.com\/al\/wp-json\/wp\/v2\/types\/post"}],"author":[{"embeddable":true,"href":"https:\/\/prizrenpost.com\/al\/wp-json\/wp\/v2\/users\/1"}],"replies":[{"embeddable":true,"href":"https:\/\/prizrenpost.com\/al\/wp-json\/wp\/v2\/comments?post=65201"}],"version-history":[{"count":1,"href":"https:\/\/prizrenpost.com\/al\/wp-json\/wp\/v2\/posts\/65201\/revisions"}],"predecessor-version":[{"id":65203,"href":"https:\/\/prizrenpost.com\/al\/wp-json\/wp\/v2\/posts\/65201\/revisions\/65203"}],"wp:featuredmedia":[{"embeddable":true,"href":"https:\/\/prizrenpost.com\/al\/wp-json\/wp\/v2\/media\/65202"}],"wp:attachment":[{"href":"https:\/\/prizrenpost.com\/al\/wp-json\/wp\/v2\/media?parent=65201"}],"wp:term":[{"taxonomy":"category","embeddable":true,"href":"https:\/\/prizrenpost.com\/al\/wp-json\/wp\/v2\/categories?post=65201"},{"taxonomy":"post_tag","embeddable":true,"href":"https:\/\/prizrenpost.com\/al\/wp-json\/wp\/v2\/tags?post=65201"}],"curies":[{"name":"wp","href":"https:\/\/api.w.org\/{rel}","templated":true}]}}