{"id":65224,"date":"2022-09-20T11:10:02","date_gmt":"2022-09-20T09:10:02","guid":{"rendered":"https:\/\/prizrenpost.com\/al\/?p=65224"},"modified":"2022-09-20T11:10:02","modified_gmt":"2022-09-20T09:10:02","slug":"pandemia-e-covid-19-ka-perfunduar-ne-shba","status":"publish","type":"post","link":"https:\/\/prizrenpost.com\/al\/pandemia-e-covid-19-ka-perfunduar-ne-shba\/","title":{"rendered":"Pandemia e COVID-19 ka p\u00ebrfunduar n\u00eb SHBA"},"content":{"rendered":"<p><img decoding=\"async\" src=\"https:\/\/prizrenpost.com\/al\/wp-content\/uploads\/2022\/09\/EB02E184-CFCF-4CB2-A337-A9FEAD712DB7.jpeg\" alt=\"\" width=\"100%\" height=\"\" class=\"alignnone size-full wp-image-65225\" srcset=\"https:\/\/prizrenpost.com\/al\/wp-content\/uploads\/2022\/09\/EB02E184-CFCF-4CB2-A337-A9FEAD712DB7.jpeg 408w, https:\/\/prizrenpost.com\/al\/wp-content\/uploads\/2022\/09\/EB02E184-CFCF-4CB2-A337-A9FEAD712DB7-300x169.jpeg 300w\" sizes=\"(max-width: 408px) 100vw, 408px\" \/><\/p>\n<p><strong>WASHINGTON &#8211; Presidenti amerikan, Joe Biden, e ka shpallur t\u00eb p\u00ebrfunduar pandemin\u00eb e koronavirusit n\u00eb Shtetet e Bashkuara.<\/strong><\/p>\n<p>Biden ka th\u00ebn\u00eb se ndon\u00ebse \u201cende kemi probleme\u201d, situata \u00ebsht\u00eb duke u p\u00ebrmir\u00ebsuar shpejt.<\/p>\n<p>Statistikat tregojn\u00eb se mesatarisht rreth 400 amerikan\u00eb jan\u00eb duke vdekur \u00e7do dit\u00eb nga koronavirusi.<\/p>\n<p>Shefi i Organizat\u00ebs Bot\u00ebrore t\u00eb Sh\u00ebndet\u00ebsis\u00eb, Tedros Adhanom Ghebreyesus, ka th\u00ebn\u00eb jav\u00ebn e kaluar se po i shihet fundi pandemis\u00eb.<\/p>\n<p>N\u00eb nj\u00eb intervist\u00eb p\u00ebr programin televiziv, 60 Minuta, n\u00eb rrjetin CBS, Biden ka th\u00ebn\u00eb se Shtetet e Bashkuara ende jan\u00eb duke b\u00ebr\u00eb \u201cshum\u00eb pun\u00eb\u201d p\u00ebr ta kontrolluar virusin.<\/p>\n<p>Intervista \u2013 e transmetuar p\u00ebrgjat\u00eb fundjav\u00ebs \u2013 \u00ebsht\u00eb incizuar pjes\u00ebrisht n\u00eb nj\u00eb panair t\u00eb makinave n\u00eb Detroit, ku presidenti amerikan \u00ebsht\u00eb par\u00eb duke ua b\u00ebr\u00eb me dor\u00eb pjes\u00ebmarr\u00ebsve.<\/p>\n<p>\u201cSi\u00e7 po e shihni, askush nuk \u00ebsht\u00eb duke vendosur mask\u00ebn\u201d, ka th\u00ebn\u00eb ai.<\/p>\n<p>\u201cSecili po duket n\u00eb form\u00eb t\u00eb mir\u00eb.. Mendoj se po ndryshon\u201d.<\/p>\n<p>Megjithat\u00eb, zyrtar\u00eb t\u00eb administrat\u00ebs Biden, u kan\u00eb th\u00ebn\u00eb mediave se komentet e presidentit nuk n\u00ebnkuptojn\u00eb se do t\u00eb ket\u00eb ndryshim t\u00eb politikave, dhe se nuk ka plane p\u00ebr t\u00eb pezulluar gjendjen e emergjenc\u00ebs publike, t\u00eb vendosur p\u00ebr shkak t\u00eb koronavirusit.<\/p>\n","protected":false},"excerpt":{"rendered":"<p>WASHINGTON &#8211; Presidenti amerikan, Joe Biden, e ka shpallur t\u00eb p\u00ebrfunduar pandemin\u00eb e koronavirusit n\u00eb Shtetet e Bashkuara. Biden ka th\u00ebn\u00eb se ndon\u00ebse \u201cende kemi probleme\u201d, situata \u00ebsht\u00eb duke u p\u00ebrmir\u00ebsuar shpejt. Statistikat tregojn\u00eb se mesatarisht rreth 400 amerikan\u00eb jan\u00eb duke vdekur \u00e7do dit\u00eb nga koronavirusi. Shefi i Organizat\u00ebs Bot\u00ebrore t\u00eb Sh\u00ebndet\u00ebsis\u00eb, Tedros Adhanom Ghebreyesus, [&hellip;]<\/p>\n","protected":false},"author":1,"featured_media":65225,"comment_status":"open","ping_status":"open","sticky":false,"template":"","format":"standard","meta":{"footnotes":""},"categories":[24],"tags":[1036,5558,5583,1326,5741],"class_list":["post-65224","post","type-post","status-publish","format-standard","has-post-thumbnail","hentry","category-bote","tag-amerike","tag-coronavirus","tag-covid19","tag-joe-biden","tag-pandemia"],"_links":{"self":[{"href":"https:\/\/prizrenpost.com\/al\/wp-json\/wp\/v2\/posts\/65224","targetHints":{"allow":["GET"]}}],"collection":[{"href":"https:\/\/prizrenpost.com\/al\/wp-json\/wp\/v2\/posts"}],"about":[{"href":"https:\/\/prizrenpost.com\/al\/wp-json\/wp\/v2\/types\/post"}],"author":[{"embeddable":true,"href":"https:\/\/prizrenpost.com\/al\/wp-json\/wp\/v2\/users\/1"}],"replies":[{"embeddable":true,"href":"https:\/\/prizrenpost.com\/al\/wp-json\/wp\/v2\/comments?post=65224"}],"version-history":[{"count":1,"href":"https:\/\/prizrenpost.com\/al\/wp-json\/wp\/v2\/posts\/65224\/revisions"}],"predecessor-version":[{"id":65226,"href":"https:\/\/prizrenpost.com\/al\/wp-json\/wp\/v2\/posts\/65224\/revisions\/65226"}],"wp:featuredmedia":[{"embeddable":true,"href":"https:\/\/prizrenpost.com\/al\/wp-json\/wp\/v2\/media\/65225"}],"wp:attachment":[{"href":"https:\/\/prizrenpost.com\/al\/wp-json\/wp\/v2\/media?parent=65224"}],"wp:term":[{"taxonomy":"category","embeddable":true,"href":"https:\/\/prizrenpost.com\/al\/wp-json\/wp\/v2\/categories?post=65224"},{"taxonomy":"post_tag","embeddable":true,"href":"https:\/\/prizrenpost.com\/al\/wp-json\/wp\/v2\/tags?post=65224"}],"curies":[{"name":"wp","href":"https:\/\/api.w.org\/{rel}","templated":true}]}}