{"id":65243,"date":"2022-09-24T11:48:11","date_gmt":"2022-09-24T09:48:11","guid":{"rendered":"https:\/\/prizrenpost.com\/al\/?p=65243"},"modified":"2022-09-24T11:48:11","modified_gmt":"2022-09-24T09:48:11","slug":"kurti-ne-takimin-me-kryetaret-654-milione-euro-per-komunat","status":"publish","type":"post","link":"https:\/\/prizrenpost.com\/al\/kurti-ne-takimin-me-kryetaret-654-milione-euro-per-komunat\/","title":{"rendered":"Kurti n\u00eb takimin me kryetar\u00ebt: 654 milion\u00eb euro p\u00ebr komunat"},"content":{"rendered":"<p><img decoding=\"async\" src=\"https:\/\/prizrenpost.com\/al\/wp-content\/uploads\/2022\/09\/AF846341-823C-406A-89AA-4D86100025FB.png\" alt=\"\" width=\"100%\" height=\"\" class=\"alignnone size-full wp-image-65244\" srcset=\"https:\/\/prizrenpost.com\/al\/wp-content\/uploads\/2022\/09\/AF846341-823C-406A-89AA-4D86100025FB.png 780w, https:\/\/prizrenpost.com\/al\/wp-content\/uploads\/2022\/09\/AF846341-823C-406A-89AA-4D86100025FB-300x169.png 300w, https:\/\/prizrenpost.com\/al\/wp-content\/uploads\/2022\/09\/AF846341-823C-406A-89AA-4D86100025FB-768x432.png 768w\" sizes=\"(max-width: 780px) 100vw, 780px\" \/><\/p>\n<p><strong>PRISHTIN\u00cb &#8211; Kryeministri i vendit, Albin Kurti sot n\u00eb takimin me kryetar\u00ebt e komunave t\u00eb Kosov\u00ebs b\u00ebri t\u00eb ditur se jan\u00eb n\u00eb faz\u00ebn finale t\u00eb p\u00ebrgatitjes s\u00eb buxhetit p\u00ebr vitin fiskal 2023 dhe n\u00eb k\u00ebt\u00eb buxhet theksoi se reflektohet nj\u00eb rritje e konsiderueshme e buxhetit dedikuar nivelit komunal.<\/strong><\/p>\n<p>Kurti tha se p\u00ebr her\u00eb t\u00eb par\u00eb do t\u00eb ket\u00eb rritje prej 15 p\u00ebr qind t\u00eb buxhetit p\u00ebr komunat n\u00eb raport me vitin 2022.<\/p>\n<p>\u201cQeveria e Kosov\u00ebs \u00ebsht\u00eb n\u00eb faz\u00ebn e p\u00ebrgatitjes s\u00eb buxhetit p\u00ebr vitin fiskal 2023. N\u00eb k\u00ebt\u00eb buxhet reflektohet rritje e konsiderueshme e buxhetit dedikuar nivelit komunal. P\u00ebr her\u00eb t\u00eb par\u00eb kemi rritje prej 15 p\u00ebr qind t\u00eb buxhetit p\u00ebr komunat n\u00eb raport me vitin 2022. Do t\u00eb jen\u00eb 654 milion\u00eb euro q\u00eb do tu ndahen komunave e kjo rritje e buxhetit do t\u00eb duhet t\u00eb reflektoj\u00eb edhe n\u00eb rritjen e cil\u00ebsis\u00eb s\u00eb sh\u00ebrbimeve komunale karshi qytetar\u00ebve, mir\u00ebqenies s\u00eb tyre dhe zhvillimit socio-ekonomik\u201d, tha kryeministri. <\/p>\n","protected":false},"excerpt":{"rendered":"<p>PRISHTIN\u00cb &#8211; Kryeministri i vendit, Albin Kurti sot n\u00eb takimin me kryetar\u00ebt e komunave t\u00eb Kosov\u00ebs b\u00ebri t\u00eb ditur se jan\u00eb n\u00eb faz\u00ebn finale t\u00eb p\u00ebrgatitjes s\u00eb buxhetit p\u00ebr vitin fiskal 2023 dhe n\u00eb k\u00ebt\u00eb buxhet theksoi se reflektohet nj\u00eb rritje e konsiderueshme e buxhetit dedikuar nivelit komunal. Kurti tha se p\u00ebr her\u00eb t\u00eb par\u00eb [&hellip;]<\/p>\n","protected":false},"author":1,"featured_media":65244,"comment_status":"open","ping_status":"open","sticky":false,"template":"","format":"standard","meta":{"footnotes":""},"categories":[14],"tags":[3803,877,48,864],"class_list":["post-65243","post","type-post","status-publish","format-standard","has-post-thumbnail","hentry","category-kombetare","tag-aktuale","tag-albin-kurti","tag-kosove","tag-kryeministri"],"_links":{"self":[{"href":"https:\/\/prizrenpost.com\/al\/wp-json\/wp\/v2\/posts\/65243","targetHints":{"allow":["GET"]}}],"collection":[{"href":"https:\/\/prizrenpost.com\/al\/wp-json\/wp\/v2\/posts"}],"about":[{"href":"https:\/\/prizrenpost.com\/al\/wp-json\/wp\/v2\/types\/post"}],"author":[{"embeddable":true,"href":"https:\/\/prizrenpost.com\/al\/wp-json\/wp\/v2\/users\/1"}],"replies":[{"embeddable":true,"href":"https:\/\/prizrenpost.com\/al\/wp-json\/wp\/v2\/comments?post=65243"}],"version-history":[{"count":1,"href":"https:\/\/prizrenpost.com\/al\/wp-json\/wp\/v2\/posts\/65243\/revisions"}],"predecessor-version":[{"id":65245,"href":"https:\/\/prizrenpost.com\/al\/wp-json\/wp\/v2\/posts\/65243\/revisions\/65245"}],"wp:featuredmedia":[{"embeddable":true,"href":"https:\/\/prizrenpost.com\/al\/wp-json\/wp\/v2\/media\/65244"}],"wp:attachment":[{"href":"https:\/\/prizrenpost.com\/al\/wp-json\/wp\/v2\/media?parent=65243"}],"wp:term":[{"taxonomy":"category","embeddable":true,"href":"https:\/\/prizrenpost.com\/al\/wp-json\/wp\/v2\/categories?post=65243"},{"taxonomy":"post_tag","embeddable":true,"href":"https:\/\/prizrenpost.com\/al\/wp-json\/wp\/v2\/tags?post=65243"}],"curies":[{"name":"wp","href":"https:\/\/api.w.org\/{rel}","templated":true}]}}