{"id":65323,"date":"2022-10-06T07:51:13","date_gmt":"2022-10-06T05:51:13","guid":{"rendered":"https:\/\/prizrenpost.com\/al\/?p=65323"},"modified":"2022-10-06T07:51:13","modified_gmt":"2022-10-06T05:51:13","slug":"sot-protestojne-punetoret-shendetesore-te-qkuk-se","status":"publish","type":"post","link":"https:\/\/prizrenpost.com\/al\/sot-protestojne-punetoret-shendetesore-te-qkuk-se\/","title":{"rendered":"Sot protestojn\u00eb pun\u00ebtor\u00ebt Sh\u00ebndet\u00ebsor\u00eb t\u00eb QKUK-s\u00eb"},"content":{"rendered":"<p><img decoding=\"async\" src=\"https:\/\/prizrenpost.com\/al\/wp-content\/uploads\/2021\/01\/qkuk.jpg\" alt=\"\" width=\"100%\" height=\"\" class=\"alignnone size-full wp-image-62123\" srcset=\"https:\/\/prizrenpost.com\/al\/wp-content\/uploads\/2021\/01\/qkuk.jpg 780w, https:\/\/prizrenpost.com\/al\/wp-content\/uploads\/2021\/01\/qkuk-300x169.jpg 300w, https:\/\/prizrenpost.com\/al\/wp-content\/uploads\/2021\/01\/qkuk-768x432.jpg 768w\" sizes=\"(max-width: 780px) 100vw, 780px\" \/><\/p>\n<p><strong>PRISHTIN\u00cb &#8211; K\u00ebshilli Drejtues i Sindikat\u00ebs s\u00eb Pun\u00ebtor\u00ebve Sh\u00ebndet\u00ebsor\u00eb t\u00eb Qendr\u00ebs Klinike dhe Universitare t\u00eb Kosov\u00ebs, do t\u00eb protestoj\u00eb sot.<\/strong><\/p>\n<p>Protesta mbahet me fillim nga ora 12:00 para objektit t\u00eb Drejtoris\u00eb s\u00eb QKUK-s\u00eb.<\/p>\n","protected":false},"excerpt":{"rendered":"<p>PRISHTIN\u00cb &#8211; K\u00ebshilli Drejtues i Sindikat\u00ebs s\u00eb Pun\u00ebtor\u00ebve Sh\u00ebndet\u00ebsor\u00eb t\u00eb Qendr\u00ebs Klinike dhe Universitare t\u00eb Kosov\u00ebs, do t\u00eb protestoj\u00eb sot. Protesta mbahet me fillim nga ora 12:00 para objektit t\u00eb Drejtoris\u00eb s\u00eb QKUK-s\u00eb.<\/p>\n","protected":false},"author":1,"featured_media":62123,"comment_status":"open","ping_status":"open","sticky":false,"template":"","format":"standard","meta":{"footnotes":""},"categories":[5],"tags":[48,872,1206,1610],"class_list":["post-65323","post","type-post","status-publish","format-standard","has-post-thumbnail","hentry","category-shendetesi","tag-kosove","tag-protesta","tag-qkuk","tag-shendetesia"],"_links":{"self":[{"href":"https:\/\/prizrenpost.com\/al\/wp-json\/wp\/v2\/posts\/65323","targetHints":{"allow":["GET"]}}],"collection":[{"href":"https:\/\/prizrenpost.com\/al\/wp-json\/wp\/v2\/posts"}],"about":[{"href":"https:\/\/prizrenpost.com\/al\/wp-json\/wp\/v2\/types\/post"}],"author":[{"embeddable":true,"href":"https:\/\/prizrenpost.com\/al\/wp-json\/wp\/v2\/users\/1"}],"replies":[{"embeddable":true,"href":"https:\/\/prizrenpost.com\/al\/wp-json\/wp\/v2\/comments?post=65323"}],"version-history":[{"count":1,"href":"https:\/\/prizrenpost.com\/al\/wp-json\/wp\/v2\/posts\/65323\/revisions"}],"predecessor-version":[{"id":65324,"href":"https:\/\/prizrenpost.com\/al\/wp-json\/wp\/v2\/posts\/65323\/revisions\/65324"}],"wp:featuredmedia":[{"embeddable":true,"href":"https:\/\/prizrenpost.com\/al\/wp-json\/wp\/v2\/media\/62123"}],"wp:attachment":[{"href":"https:\/\/prizrenpost.com\/al\/wp-json\/wp\/v2\/media?parent=65323"}],"wp:term":[{"taxonomy":"category","embeddable":true,"href":"https:\/\/prizrenpost.com\/al\/wp-json\/wp\/v2\/categories?post=65323"},{"taxonomy":"post_tag","embeddable":true,"href":"https:\/\/prizrenpost.com\/al\/wp-json\/wp\/v2\/tags?post=65323"}],"curies":[{"name":"wp","href":"https:\/\/api.w.org\/{rel}","templated":true}]}}