{"id":65457,"date":"2022-10-20T08:31:26","date_gmt":"2022-10-20T06:31:26","guid":{"rendered":"https:\/\/prizrenpost.com\/al\/?p=65457"},"modified":"2022-10-20T08:31:26","modified_gmt":"2022-10-20T06:31:26","slug":"dialogu-po-i-kthehet-thelbit-por-marreveshja-finale-eshte-larg","status":"publish","type":"post","link":"https:\/\/prizrenpost.com\/al\/dialogu-po-i-kthehet-thelbit-por-marreveshja-finale-eshte-larg\/","title":{"rendered":"Dialogu po i kthehet thelbit, por marr\u00ebveshja finale \u00ebsht\u00eb larg"},"content":{"rendered":"<p><img decoding=\"async\" src=\"https:\/\/prizrenpost.com\/al\/wp-content\/uploads\/2022\/10\/64042F63-81AD-4456-88BD-55DB147E3BC0.jpeg\" alt=\"\" width=\"100%\" height=\"\" class=\"alignnone size-full wp-image-65458\" srcset=\"https:\/\/prizrenpost.com\/al\/wp-content\/uploads\/2022\/10\/64042F63-81AD-4456-88BD-55DB147E3BC0.jpeg 408w, https:\/\/prizrenpost.com\/al\/wp-content\/uploads\/2022\/10\/64042F63-81AD-4456-88BD-55DB147E3BC0-300x169.jpeg 300w\" sizes=\"(max-width: 408px) 100vw, 408px\" \/><\/p>\n<p><strong>BERLIN &#8211; Per\u00ebndimi po mundohet t\u00eb kthej\u00eb fokusin e dialogut Kosov\u00eb-Serbi drejt arritjes s\u00eb nj\u00eb marr\u00ebveshjeje p\u00ebrfundimtare, por kjo marr\u00ebveshje nuk mund t\u00eb pritet n\u00eb nj\u00eb koh\u00eb t\u00eb af\u00ebrt.<\/strong><\/p>\n<p>K\u00ebshtu ka vler\u00ebsuar Bodo Weber, ekspert p\u00ebr Ballkanin dhe bashk\u00ebpun\u00ebtor i lart\u00eb i K\u00ebshillit p\u00ebr Politikat e Demokratizimit n\u00eb Berlin.<\/p>\n<p>Ai i ka b\u00ebr\u00eb k\u00ebto komente p\u00ebr Radion Evropa e Lir\u00eb m\u00eb 19 tetor, dit\u00ebn kur i d\u00ebrguari i Shteteve t\u00eb Bashkuara p\u00ebr Ballkanin Per\u00ebndimor, Gabriel Escobar, ka q\u00ebndruar p\u00ebr vizit\u00eb n\u00eb Kosov\u00eb.<\/p>\n<p>Vizita e Escobarit n\u00eb Kosov\u00eb vjen n\u00eb koh\u00ebn kur Franca dhe Gjermania besohet se u kan\u00eb ofruar nj\u00eb propozim lider\u00ebve t\u00eb Kosov\u00ebs dhe Serbis\u00eb, q\u00eb do t\u00eb mund t\u00eb ishte nj\u00eb korniz\u00eb e re p\u00ebr dialogun midis tyre, p\u00ebr arritjen e nj\u00eb marr\u00ebveshjeje ligj\u00ebrisht t\u00eb obligueshme p\u00ebr normalizimin e raporteve.<\/p>\n<p>Sipas presidentit t\u00eb Serbis\u00eb, Aleksandar Vu\u00e7iq, ky propozim konsiston n\u00eb at\u00eb q\u00eb shteti i tij t\u00eb lejoj\u00eb q\u00eb Kosova t\u00eb an\u00ebtar\u00ebsohet n\u00eb institucione dhe organizata nd\u00ebrkomb\u00ebtare, p\u00ebrfshir\u00eb Kombet e Bashkuara, n\u00eb k\u00ebmbim t\u00eb an\u00ebtar\u00ebsimit t\u00eb shpejt\u00eb t\u00eb Serbis\u00eb n\u00eb Bashkimin Evropian.<\/p>\n<p>Weber e ka komentuar p\u00ebr REL-in edhe k\u00ebt\u00eb tem\u00eb:<\/p>\n<p>\u201cAsnj\u00ebri nga ne nuk e ka par\u00eb propozimin, apo \u00e7far\u00eb p\u00ebrmban. Ka shum\u00eb dezinformata (lidhur me t\u00eb)\u201d.<\/p>\n<p>Weber, megjithat\u00eb, ka th\u00ebn\u00eb se nuk ka dyshim q\u00eb \u201cka nj\u00eb p\u00ebrpjekje nga k\u00ebto dy shtete lidere n\u00eb BE (Franca dhe Gjermania), me mb\u00ebshtetje t\u00eb SHBA-s\u00eb\u201d, p\u00ebr t&#8217;i dh\u00ebn\u00eb nj\u00eb drejtim dialogut Kosov\u00eb-Serbi.<\/p>\n<p>Sipas tij, k\u00ebto p\u00ebrpjekje vijn\u00eb pasi, s\u00eb fundmi, negociatat mes Kosov\u00ebs dhe Serbis\u00eb jan\u00eb udh\u00ebhequr kryesisht nga i d\u00ebrguari i Bashkimit Evropian p\u00ebr dialogun Kosov\u00eb-Serbi, Mirosllav Laj\u00e7ak, \u201cdhe jan\u00eb fokusuar kryesisht n\u00eb \u00e7\u00ebshtje bilaterale\u201d.<\/p>\n<p>\u201cKjo, si\u00e7 duket, po ndryshon pjes\u00ebrisht, t\u00eb pakt\u00ebn me k\u00ebt\u00eb iniciativ\u00eb franko-gjermane, q\u00eb do t\u00eb thot\u00eb se dialogu po kthehet n\u00eb thelbin e tij\u201d, ka th\u00ebn\u00eb Weber.<\/p>\n<p>Megjithat\u00eb, sipas tij, nuk mund t\u00eb mendohet se Kosova dhe Serbia jan\u00eb af\u00ebr nj\u00eb marr\u00ebveshjeje finale.<\/p>\n<p>\u201cUn\u00eb mendoj se ajo q\u00eb momentalisht po diskutohet, ka t\u00eb b\u00ebj\u00eb me \u00e7\u00ebshtje madhore, por nuk duket se ka ndonj\u00eb propozim apo plan t\u00eb shkruar, e l\u00ebre m\u00eb marr\u00ebveshje gjith\u00ebp\u00ebrfshir\u00ebse. Nuk mendoj se k\u00ebto bisedime jan\u00eb as af\u00ebr k\u00ebsaj\u201d, \u00ebsht\u00eb shprehur Weber.<\/p>\n<p>Ai ka vler\u00ebsuar se afrimi i nj\u00eb marr\u00ebveshjeje finale t\u00eb shkruar do t\u00eb sinjalizohej vet\u00ebm me nj\u00eb diskutim t\u00eb nivelit shum\u00eb m\u00eb t\u00eb lart\u00eb, p\u00ebrkat\u00ebsisht n\u00eb mes t\u00eb presidentit amerikan, Joe Biden, kancelarit gjerman, Olaf Scholz, dhe presidentit francez, Emmanuel Macron.\/REL<\/p>\n","protected":false},"excerpt":{"rendered":"<p>BERLIN &#8211; Per\u00ebndimi po mundohet t\u00eb kthej\u00eb fokusin e dialogut Kosov\u00eb-Serbi drejt arritjes s\u00eb nj\u00eb marr\u00ebveshjeje p\u00ebrfundimtare, por kjo marr\u00ebveshje nuk mund t\u00eb pritet n\u00eb nj\u00eb koh\u00eb t\u00eb af\u00ebrt. K\u00ebshtu ka vler\u00ebsuar Bodo Weber, ekspert p\u00ebr Ballkanin dhe bashk\u00ebpun\u00ebtor i lart\u00eb i K\u00ebshillit p\u00ebr Politikat e Demokratizimit n\u00eb Berlin. Ai i ka b\u00ebr\u00eb k\u00ebto komente [&hellip;]<\/p>\n","protected":false},"author":1,"featured_media":65458,"comment_status":"open","ping_status":"open","sticky":false,"template":"","format":"standard","meta":{"footnotes":""},"categories":[15],"tags":[3803,895,6140,287,799],"class_list":["post-65457","post","type-post","status-publish","format-standard","has-post-thumbnail","hentry","category-ballkan","tag-aktuale","tag-ballkani","tag-bodo-weber","tag-kosova","tag-serbia"],"_links":{"self":[{"href":"https:\/\/prizrenpost.com\/al\/wp-json\/wp\/v2\/posts\/65457","targetHints":{"allow":["GET"]}}],"collection":[{"href":"https:\/\/prizrenpost.com\/al\/wp-json\/wp\/v2\/posts"}],"about":[{"href":"https:\/\/prizrenpost.com\/al\/wp-json\/wp\/v2\/types\/post"}],"author":[{"embeddable":true,"href":"https:\/\/prizrenpost.com\/al\/wp-json\/wp\/v2\/users\/1"}],"replies":[{"embeddable":true,"href":"https:\/\/prizrenpost.com\/al\/wp-json\/wp\/v2\/comments?post=65457"}],"version-history":[{"count":1,"href":"https:\/\/prizrenpost.com\/al\/wp-json\/wp\/v2\/posts\/65457\/revisions"}],"predecessor-version":[{"id":65459,"href":"https:\/\/prizrenpost.com\/al\/wp-json\/wp\/v2\/posts\/65457\/revisions\/65459"}],"wp:featuredmedia":[{"embeddable":true,"href":"https:\/\/prizrenpost.com\/al\/wp-json\/wp\/v2\/media\/65458"}],"wp:attachment":[{"href":"https:\/\/prizrenpost.com\/al\/wp-json\/wp\/v2\/media?parent=65457"}],"wp:term":[{"taxonomy":"category","embeddable":true,"href":"https:\/\/prizrenpost.com\/al\/wp-json\/wp\/v2\/categories?post=65457"},{"taxonomy":"post_tag","embeddable":true,"href":"https:\/\/prizrenpost.com\/al\/wp-json\/wp\/v2\/tags?post=65457"}],"curies":[{"name":"wp","href":"https:\/\/api.w.org\/{rel}","templated":true}]}}