{"id":65483,"date":"2022-10-21T18:22:04","date_gmt":"2022-10-21T16:22:04","guid":{"rendered":"https:\/\/prizrenpost.com\/al\/?p=65483"},"modified":"2022-10-21T18:22:04","modified_gmt":"2022-10-21T16:22:04","slug":"kurti-ambasadoreve-te-quintit-vendimi-per-targat-nuk-eshte-i-drejtuar-kunder-serbeve","status":"publish","type":"post","link":"https:\/\/prizrenpost.com\/al\/kurti-ambasadoreve-te-quintit-vendimi-per-targat-nuk-eshte-i-drejtuar-kunder-serbeve\/","title":{"rendered":"Kurti, ambasador\u00ebve t\u00eb Quintit: Vendimi p\u00ebr targat nuk \u00ebsht\u00eb i drejtuar kund\u00ebr serb\u00ebve"},"content":{"rendered":"<p><img decoding=\"async\" src=\"https:\/\/prizrenpost.com\/al\/wp-content\/uploads\/2022\/10\/kurti-quint.jpeg\" alt=\"\" width=\"100%\" height=\"\" class=\"alignnone size-full wp-image-65484\" srcset=\"https:\/\/prizrenpost.com\/al\/wp-content\/uploads\/2022\/10\/kurti-quint.jpeg 1012w, https:\/\/prizrenpost.com\/al\/wp-content\/uploads\/2022\/10\/kurti-quint-300x199.jpeg 300w, https:\/\/prizrenpost.com\/al\/wp-content\/uploads\/2022\/10\/kurti-quint-768x510.jpeg 768w\" sizes=\"(max-width: 1012px) 100vw, 1012px\" \/><\/p>\n<p><strong>PRISHTIN\u00cb &#8211; Kryeministri i vendit, Albin Kurti, bashk\u00eb me z\u00ebvend\u00ebskryeministrin e par\u00eb, Besnik Bislimi, priti n\u00eb takim ambasador\u00ebt e vendeve t\u00eb Quintit dhe p\u00ebrfaq\u00ebsuesin e Zyr\u00ebs s\u00eb Bashkimit Evropian n\u00eb Kosov\u00eb.<\/strong><\/p>\n<p>Kurti, n\u00eb lidhje me vendimin p\u00ebr targat, u tha ambasador\u00ebve se ky vendim nuk \u00ebsht\u00eb i drejtuar kund\u00ebr serb\u00ebve t\u00eb Kosov\u00ebs.<\/p>\n<p>\u201cN\u00ebp\u00ebrmjet tij dhe me ftes\u00ebn ton\u00eb t\u00eb hapur p\u00ebr t\u00eb konvertuar targat e tyre n\u00eb ato legale dhe zyrtare, edhe po respektojm\u00eb sundimin e ligjit edhe po u japim leht\u00ebsime financiare\u201d tha Kurti.<\/p>\n<p>N\u00eb takim u diskutua edhe p\u00ebr zhvillimet n\u00eb vend, procesin e dialogut nd\u00ebrmjet Kosov\u00ebs dhe Serbis\u00eb dhe p\u00ebr \u00e7\u00ebshtjet aktuale, me theks te energjia dhe vendimi i Qeveris\u00eb p\u00ebr targat t\u00eb veturave.<\/p>\n<p>P\u00ebr sa i p\u00ebrket tem\u00ebs s\u00eb dialogut, n\u00eb takim u diskutua p\u00ebr elementet e ndryshme n\u00eb korniz\u00ebn themelore t\u00eb marr\u00ebveshjes s\u00eb ardhshme p\u00ebr t\u00eb cil\u00ebn Kurti tha q\u00eb duhet ta sjell\u00eb normalizimin e plot\u00eb me njohjen reciproke n\u00eb qend\u00ebr.<\/p>\n<p>Kujtojm\u00eb se edhe presidenti i Serbis\u00eb, Aleksandar Vu\u00e7iq, ka takuar ambasador\u00ebt e Quintit, ku sipas raportimeve, ambasador\u00ebt i kan\u00eb dor\u00ebzuar Vu\u00e7iqit nj\u00eb dokument t\u00eb p\u00ebrbashk\u00ebt n\u00eb t\u00eb cilin shprehin shqet\u00ebsimin e tyre p\u00ebr prishjen e mundshme t\u00eb stabilitetit n\u00eb rajon, n\u00eb prag t\u00eb afatit p\u00ebr riregjistrimin e automjeteve me targa serbe n\u00eb Kosov\u00eb, raporton televizioni publik i Serbis\u00eb, RTS, transmeton KK.<\/p>\n","protected":false},"excerpt":{"rendered":"<p>PRISHTIN\u00cb &#8211; Kryeministri i vendit, Albin Kurti, bashk\u00eb me z\u00ebvend\u00ebskryeministrin e par\u00eb, Besnik Bislimi, priti n\u00eb takim ambasador\u00ebt e vendeve t\u00eb Quintit dhe p\u00ebrfaq\u00ebsuesin e Zyr\u00ebs s\u00eb Bashkimit Evropian n\u00eb Kosov\u00eb. Kurti, n\u00eb lidhje me vendimin p\u00ebr targat, u tha ambasador\u00ebve se ky vendim nuk \u00ebsht\u00eb i drejtuar kund\u00ebr serb\u00ebve t\u00eb Kosov\u00ebs. \u201cN\u00ebp\u00ebrmjet tij dhe [&hellip;]<\/p>\n","protected":false},"author":1,"featured_media":65484,"comment_status":"open","ping_status":"open","sticky":false,"template":"","format":"standard","meta":{"footnotes":""},"categories":[14],"tags":[877,4871,48,1158,2268],"class_list":["post-65483","post","type-post","status-publish","format-standard","has-post-thumbnail","hentry","category-kombetare","tag-albin-kurti","tag-ambasadoret","tag-kosove","tag-serbet","tag-targat"],"_links":{"self":[{"href":"https:\/\/prizrenpost.com\/al\/wp-json\/wp\/v2\/posts\/65483","targetHints":{"allow":["GET"]}}],"collection":[{"href":"https:\/\/prizrenpost.com\/al\/wp-json\/wp\/v2\/posts"}],"about":[{"href":"https:\/\/prizrenpost.com\/al\/wp-json\/wp\/v2\/types\/post"}],"author":[{"embeddable":true,"href":"https:\/\/prizrenpost.com\/al\/wp-json\/wp\/v2\/users\/1"}],"replies":[{"embeddable":true,"href":"https:\/\/prizrenpost.com\/al\/wp-json\/wp\/v2\/comments?post=65483"}],"version-history":[{"count":1,"href":"https:\/\/prizrenpost.com\/al\/wp-json\/wp\/v2\/posts\/65483\/revisions"}],"predecessor-version":[{"id":65485,"href":"https:\/\/prizrenpost.com\/al\/wp-json\/wp\/v2\/posts\/65483\/revisions\/65485"}],"wp:featuredmedia":[{"embeddable":true,"href":"https:\/\/prizrenpost.com\/al\/wp-json\/wp\/v2\/media\/65484"}],"wp:attachment":[{"href":"https:\/\/prizrenpost.com\/al\/wp-json\/wp\/v2\/media?parent=65483"}],"wp:term":[{"taxonomy":"category","embeddable":true,"href":"https:\/\/prizrenpost.com\/al\/wp-json\/wp\/v2\/categories?post=65483"},{"taxonomy":"post_tag","embeddable":true,"href":"https:\/\/prizrenpost.com\/al\/wp-json\/wp\/v2\/tags?post=65483"}],"curies":[{"name":"wp","href":"https:\/\/api.w.org\/{rel}","templated":true}]}}