{"id":65497,"date":"2022-10-22T12:14:51","date_gmt":"2022-10-22T10:14:51","guid":{"rendered":"https:\/\/prizrenpost.com\/al\/?p=65497"},"modified":"2022-10-22T12:14:51","modified_gmt":"2022-10-22T10:14:51","slug":"erdogan-thote-se-putini-eshte-zbutur-dhe-i-hapur-per-dialog","status":"publish","type":"post","link":"https:\/\/prizrenpost.com\/al\/erdogan-thote-se-putini-eshte-zbutur-dhe-i-hapur-per-dialog\/","title":{"rendered":"Erdogan thot\u00eb se Putini \u00ebsht\u00eb zbutur dhe i hapur p\u00ebr dialog"},"content":{"rendered":"<p><img decoding=\"async\" src=\"https:\/\/prizrenpost.com\/al\/wp-content\/uploads\/2022\/10\/putin-erdogan.webp\" alt=\"\" width=\"100%\" height=\"\" class=\"alignnone size-full wp-image-65498\" srcset=\"https:\/\/prizrenpost.com\/al\/wp-content\/uploads\/2022\/10\/putin-erdogan.webp 1023w, https:\/\/prizrenpost.com\/al\/wp-content\/uploads\/2022\/10\/putin-erdogan-300x169.webp 300w, https:\/\/prizrenpost.com\/al\/wp-content\/uploads\/2022\/10\/putin-erdogan-768x432.webp 768w\" sizes=\"(max-width: 1023px) 100vw, 1023px\" \/><\/p>\n<p><strong>ANKARA &#8211; Presidenti turk Rexhep Tajip Erdogan tha se \u201cPutini \u00ebsht\u00eb shum\u00eb m\u00eb i but\u00eb tani dhe m\u00eb i hapur ndaj dialogut se m\u00eb par\u00eb\u201d p\u00ebr p\u00ebrfundimin e luft\u00ebs n\u00eb Ukrain\u00eb.<\/strong><\/p>\n<p>\u201cNuk jemi pa shpres\u00eb,\u201d tha Erdogan p\u00ebr mund\u00ebsin\u00eb e negociatave. \u201cPash\u00eb q\u00eb Putini \u00ebsht\u00eb shum\u00eb m\u00eb i but\u00eb tani dhe m\u00eb i hapur ndaj dialogut se m\u00eb par\u00eb. Do t\u00eb shohim se \u00e7far\u00eb do t\u00eb ndodh\u00eb.\u201d<\/p>\n<p>Presidenti turk theksoi se shpreson t\u00eb zhvilloj\u00eb bisedime me president\u00ebt e Rusis\u00eb dhe Ukrain\u00ebs n\u00eb t\u00eb ardhmen e af\u00ebrt.<\/p>\n<p>Kremlini, megjithat\u00eb, tha se nj\u00eb bised\u00eb e re telefonike mes Putinit dhe Erdogan nuk \u00ebsht\u00eb aktualisht n\u00eb planet e presidentit rus, por se \u201cajo mund t\u00eb organizohet shpejt\u201d.<\/p>\n<p>Lidhur me fjal\u00ebt e Erdoganit se Putini \u00ebsht\u00eb zbutur dhe \u00ebsht\u00eb i hapur p\u00ebr dialog m\u00eb shum\u00eb se m\u00eb par\u00eb, z\u00ebdh\u00ebn\u00ebsi i Kremlinit, Dimitri Peskov thot\u00eb se Putini ka qen\u00eb i hapur p\u00ebr bisedime me Ukrain\u00ebn q\u00eb n\u00eb fillim.<\/p>\n<p>\u201cN\u00ebse ju kujtohet, presidenti Putin u p\u00ebrpoq t\u00eb niste bisedimet me NATO-n dhe Shtetet e Bashkuara edhe para operacionit special ushtarak.<\/p>\n<p>\u201cPutini ishte i hapur p\u00ebr negociata kur pothuajse u ra dakord p\u00ebr nj\u00eb dokument mes [negociator\u00ebve] rus\u00eb dhe atyre ukrainas. Pra, n\u00eb k\u00ebt\u00eb drejtim, asgj\u00eb nuk ka ndryshuar. Pozicioni i pal\u00ebs ukrainase ka ndryshuar\u2026 Ligji ukrainas tani ndalon \u00e7do negociat\u00eb.\u201d\/REL<\/p>\n","protected":false},"excerpt":{"rendered":"<p>ANKARA &#8211; Presidenti turk Rexhep Tajip Erdogan tha se \u201cPutini \u00ebsht\u00eb shum\u00eb m\u00eb i but\u00eb tani dhe m\u00eb i hapur ndaj dialogut se m\u00eb par\u00eb\u201d p\u00ebr p\u00ebrfundimin e luft\u00ebs n\u00eb Ukrain\u00eb. \u201cNuk jemi pa shpres\u00eb,\u201d tha Erdogan p\u00ebr mund\u00ebsin\u00eb e negociatave. \u201cPash\u00eb q\u00eb Putini \u00ebsht\u00eb shum\u00eb m\u00eb i but\u00eb tani dhe m\u00eb i hapur ndaj [&hellip;]<\/p>\n","protected":false},"author":1,"featured_media":65498,"comment_status":"open","ping_status":"open","sticky":false,"template":"","format":"standard","meta":{"footnotes":""},"categories":[24],"tags":[1059,378,310,3196,845],"class_list":["post-65497","post","type-post","status-publish","format-standard","has-post-thumbnail","hentry","category-bote","tag-recep-tayyip-erdogan","tag-rusia","tag-turqia","tag-ukraina","tag-vladimir-putin"],"_links":{"self":[{"href":"https:\/\/prizrenpost.com\/al\/wp-json\/wp\/v2\/posts\/65497","targetHints":{"allow":["GET"]}}],"collection":[{"href":"https:\/\/prizrenpost.com\/al\/wp-json\/wp\/v2\/posts"}],"about":[{"href":"https:\/\/prizrenpost.com\/al\/wp-json\/wp\/v2\/types\/post"}],"author":[{"embeddable":true,"href":"https:\/\/prizrenpost.com\/al\/wp-json\/wp\/v2\/users\/1"}],"replies":[{"embeddable":true,"href":"https:\/\/prizrenpost.com\/al\/wp-json\/wp\/v2\/comments?post=65497"}],"version-history":[{"count":1,"href":"https:\/\/prizrenpost.com\/al\/wp-json\/wp\/v2\/posts\/65497\/revisions"}],"predecessor-version":[{"id":65499,"href":"https:\/\/prizrenpost.com\/al\/wp-json\/wp\/v2\/posts\/65497\/revisions\/65499"}],"wp:featuredmedia":[{"embeddable":true,"href":"https:\/\/prizrenpost.com\/al\/wp-json\/wp\/v2\/media\/65498"}],"wp:attachment":[{"href":"https:\/\/prizrenpost.com\/al\/wp-json\/wp\/v2\/media?parent=65497"}],"wp:term":[{"taxonomy":"category","embeddable":true,"href":"https:\/\/prizrenpost.com\/al\/wp-json\/wp\/v2\/categories?post=65497"},{"taxonomy":"post_tag","embeddable":true,"href":"https:\/\/prizrenpost.com\/al\/wp-json\/wp\/v2\/tags?post=65497"}],"curies":[{"name":"wp","href":"https:\/\/api.w.org\/{rel}","templated":true}]}}