{"id":65545,"date":"2022-11-05T21:16:14","date_gmt":"2022-11-05T20:16:14","guid":{"rendered":"https:\/\/prizrenpost.com\/al\/?p=65545"},"modified":"2022-11-05T21:16:14","modified_gmt":"2022-11-05T20:16:14","slug":"serbet-vendosen-per-largim-nga-institucionet-e-kosoves","status":"publish","type":"post","link":"https:\/\/prizrenpost.com\/al\/serbet-vendosen-per-largim-nga-institucionet-e-kosoves\/","title":{"rendered":"Serb\u00ebt vendos\u00ebn p\u00ebr largim nga institucionet e Kosov\u00ebs"},"content":{"rendered":"<p><img decoding=\"async\" src=\"https:\/\/prizrenpost.com\/al\/wp-content\/uploads\/2022\/11\/F199ACD0-10C9-4119-B1ED-B9F6EC3243C8.png\" alt=\"\" width=\"100%\" height=\"\" class=\"alignnone size-full wp-image-65546\" srcset=\"https:\/\/prizrenpost.com\/al\/wp-content\/uploads\/2022\/11\/F199ACD0-10C9-4119-B1ED-B9F6EC3243C8.png 780w, https:\/\/prizrenpost.com\/al\/wp-content\/uploads\/2022\/11\/F199ACD0-10C9-4119-B1ED-B9F6EC3243C8-300x169.png 300w, https:\/\/prizrenpost.com\/al\/wp-content\/uploads\/2022\/11\/F199ACD0-10C9-4119-B1ED-B9F6EC3243C8-768x432.png 768w\" sizes=\"(max-width: 780px) 100vw, 780px\" \/><\/p>\n<p><strong>MITROVIC\u00cb &#8211; P\u00ebrfaq\u00ebsuesit serb\u00eb n\u00eb Kosov\u00eb kan\u00eb vendosur t\u00eb shtun\u00ebn e 5 n\u00ebntorit q\u00eb t\u00eb mos jen\u00eb m\u00eb pjes\u00eb e institucioneve t\u00eb k\u00ebtij shteti.<\/strong><\/p>\n<p>Kryetari i List\u00ebs Serbe, Goran Rakiq, ka th\u00ebn\u00eb se dor\u00ebheqjet p\u00ebrfshijn\u00eb pozitat n\u00eb Qeverin\u00eb dhe Kuvendin e Kosov\u00ebs, dhe ato t\u00eb gjyq\u00ebsorit e Policis\u00eb s\u00eb Kosov\u00ebs n\u00eb veri.<\/p>\n<p>Kat\u00ebr komunat me shumic\u00eb serbe n\u00eb veri jan\u00eb: Mitrovica e Veriut, Zve\u00e7ani, Leposaviqi dhe Zubin Potoku.<\/p>\n<p>Pse?<\/p>\n<p>Sepse serb\u00ebt e Kosov\u00ebs nuk e mb\u00ebshtesin vendimin e Qeveris\u00eb s\u00eb Kosov\u00ebs p\u00ebr riregjistrimin e makinave me targa ilegale serbe, n\u00eb targat RKS \u2013 Republika e Kosov\u00ebs.<\/p>\n<p>Besohet se n\u00eb Kosov\u00eb jan\u00eb rreth 10.000 makina me targa serbe.<\/p>\n<p>Goran Rakiq, kryetari i List\u00ebs Serbe, ka th\u00ebn\u00eb pas nj\u00eb takimi me dyer t\u00eb mbyllura se, vendimi do t\u00eb zbatohet deri n\u00eb momentin kur Qeveria e Kosov\u00ebs t\u00eb t\u00ebrheq\u00eb vendimin p\u00ebr riregjistrim t\u00eb makinave dhe t\u00eb respektoj\u00eb marr\u00ebveshjet e Brukselit.<\/p>\n<p>Nga 1 n\u00ebntori deri m\u00eb 21 prill t\u00eb vitit t\u00eb ardhsh\u00ebm, Qeveria e Kosov\u00ebs m\u00ebton t\u00eb finalizoj\u00eb planin n\u00eb tri faza p\u00ebr riregjistrimin e makinave me targa ilegale serbe n\u00eb RKS.<\/p>\n<p>Kosova dhe Serbia kan\u00eb n\u00ebnshkruar marr\u00ebveshjen p\u00ebr l\u00ebvizje t\u00eb lir\u00eb, m\u00eb 2011.<\/p>\n<p>Kush ka dh\u00ebn\u00eb dor\u00ebheqje?<\/p>\n<p>Goran Rakiq, kryetar i List\u00ebs Serbe ka dh\u00ebn\u00eb dor\u00ebheqje nga pozita e ministrit p\u00ebr Komunitete dhe Kthim n\u00eb Qeverin\u00eb e Kosov\u00ebs. Dor\u00ebheqje kan\u00eb dh\u00ebn\u00eb edhe 10 deputet\u00eb serb\u00eb nga ul\u00ebset n\u00eb Kuvendin e Kosov\u00ebs, dhe pjes\u00ebtar\u00ebt serb\u00eb t\u00eb gjyq\u00ebsorit dhe Policis\u00eb s\u00eb Kosov\u00ebs n\u00eb rajonin e veriut.<\/p>\n<p>\u00c7ka ndodh tash?<\/p>\n<p>Analist\u00ebt, Agon Maliqi dhe Ehat Miftaraj kan\u00eb th\u00ebn\u00eb p\u00ebr Radion Evropa e Lir\u00eb se, nj\u00eb vendim i till\u00eb p\u00ebrshkall\u00ebzon situat\u00ebn dhe \u2013 n\u00ebse formalizohet \u2013 p\u00ebrb\u00ebn kthim mbrapa p\u00ebr veriun e Kosov\u00ebs n\u00eb periudh\u00ebn para vitit 2013.<\/p>\n<p>Sipas Miftarajt, veriu do t\u00eb p\u00ebrballet me vakum institucional.<\/p>\n<p>Pse p\u00ebrmendet viti 2013?<\/p>\n<p>Sepse at\u00ebher\u00eb \u00ebsht\u00eb n\u00ebnshkruar nj\u00eb marr\u00ebveshje mes Kosov\u00ebs dhe Serbis\u00eb \u2013 n\u00eb kuad\u00ebr t\u00eb dialogut t\u00eb leht\u00ebsuar nga Bashkimi Evropian n\u00eb Bruksel. Kjo marr\u00ebveshje parasheh integrimin e serb\u00ebve n\u00eb institucionet e Kosov\u00ebs n\u00eb fush\u00ebn e drejt\u00ebsis\u00eb dhe siguris\u00eb.<\/p>\n<p>\u00c7far\u00eb implikime ka kjo situat\u00eb?<\/p>\n<p>Dy analist\u00ebt p\u00ebrmendin sigurin\u00eb.<br \/>\nAnalisti Maliqi beson se kjo situat\u00eb krijon rrezik t\u00eb madh p\u00ebr incidente.<\/p>\n<p>Miftaraj beson se dor\u00ebheqjet cenojn\u00eb r\u00ebnd\u00eb sigurin\u00eb n\u00eb pjes\u00ebn veriore t\u00eb Kosov\u00ebs dhe shkat\u00ebrrohet \u201cgjith\u00eb mundi dhe investimet e b\u00ebra nga Qeveria e Kosov\u00ebs, Shtetet e Bashkuara dhe Bashkimi Evropian p\u00ebr procesin e integrimit\u201d.<\/p>\n<p>\u00c7far\u00eb ka th\u00ebn\u00eb Policia e Kosov\u00ebs?<\/p>\n<p>Pak pas vendimit p\u00ebr dor\u00ebheqje t\u00eb serb\u00ebve, disa media lokale n\u00eb Kosov\u00eb dhe Serbi, kan\u00eb raportuar se nj\u00ebsitet speciale t\u00eb Policis\u00eb s\u00eb Kosov\u00ebs jan\u00eb nisur drejt veriut t\u00eb Kosov\u00ebs.<\/p>\n<p>Mir\u00ebpo, Policia e Kosov\u00ebs ka th\u00ebn\u00eb se nuk ka ndodhur di\u00e7ka e till\u00eb.<\/p>\n<p>P\u00ebrmes nj\u00eb komunikate, Policia ka th\u00ebn\u00eb se, sipas nevoj\u00ebs dhe vler\u00ebsimeve operacionale, do t\u00eb angazhoj\u00eb personelin e saj, me q\u00ebllim t\u00eb kryerjes s\u00eb detyrave dhe autorizimeve ligjore p\u00ebr t\u00eb garantuar sigurin\u00eb.<\/p>\n<p>\u00c7far\u00eb n\u00ebnkupton formalizimi?<\/p>\n<p>Ende nuk dihet n\u00ebse dor\u00ebheqjet e 5 n\u00ebntorit jan\u00eb shenj\u00eb proteste, apo do t\u00eb formalizohen n\u00eb dit\u00ebt n\u00eb vijim. Miftaraj ka th\u00ebn\u00eb se vendimi i serb\u00ebve \u201cdo t\u00eb ket\u00eb efekt juridik n\u00ebse formalizohet me aktin e dor\u00ebheqjes\u201d. Kjo n\u00ebnkupton q\u00eb m\u00ebnyra e vetme e kthimit t\u00eb gjyqtar\u00ebve dhe prokuror\u00ebve n\u00eb institucione \u00ebsht\u00eb p\u00ebrmes konkurseve. N\u00eb nj\u00eb situat\u00eb t\u00eb atill\u00eb, procesi do t\u00eb duhej t\u00eb niste nga fillimi.<\/p>\n<p>Kush mund t\u00eb konkurroj\u00eb n\u00eb rast t\u00eb formalizimit t\u00eb dor\u00ebheqjeve?<\/p>\n<p>Sipas marr\u00ebveshjes s\u00eb Brukselit, Kosova \u00ebsht\u00eb e obliguar q\u00eb n\u00eb k\u00ebto pozita t\u00eb pun\u00ebsoj\u00eb pjes\u00ebtar\u00eb t\u00eb komunitetit serb. Megjithat\u00eb, Miftaraj beson se n\u00eb nj\u00eb skenar t\u00eb till\u00eb, finalizimi i procesit do t\u00eb merrte koh\u00eb, andaj institucionet e Kosov\u00ebs duhet t\u00eb punojn\u00eb tani q\u00eb t\u00eb mos cenohet siguria.<\/p>\n<p>Si \u00ebsht\u00eb komentuar ky vendim n\u00eb Kosov\u00eb?<br \/>\nPresidentja e Kosov\u00ebs, Vjosa Osmani, i ka konsideruar dor\u00ebheqjet si veprime t\u00eb Serbis\u00eb me q\u00ebllim t\u00eb destabilizimit t\u00eb veriut t\u00eb Kosov\u00ebs.<\/p>\n<p>Kryeministri i Kosov\u00ebs, Albin Kurti u ka b\u00ebr\u00eb thirrje serb\u00ebve q\u00eb t\u00eb mos braktisin institucionet e Kosov\u00ebs dhe q\u00eb t\u00eb mos jen\u00eb pre \u201ce manipulimeve politike dhe loj\u00ebrave gjeopolitike\u201d.<br \/>\nPartit\u00eb opozitare n\u00eb Kosov\u00eb jan\u00eb shprehur t\u00eb shqet\u00ebsuara p\u00ebr situat\u00ebn n\u00eb veri dhe i kan\u00eb b\u00ebr\u00eb thirrje Qeveris\u00eb p\u00ebr reflektim.<\/p>\n<p>Reagimet n\u00eb Serbi<\/p>\n<p>Kryeministrja serbe, Ana B\u00ebrnabiq, n\u00eb an\u00ebn tjet\u00ebr, e ka mbrojtur vendimin e serb\u00ebve n\u00eb Kosov\u00eb p\u00ebr dor\u00ebheqje.<\/p>\n<p>\u201cN\u00eb luft\u00ebn e tyre p\u00ebr paqe, stabilitet, sundim t\u00eb ligjit dhe respektim t\u00eb t\u00eb gjitha marr\u00ebveshjeve t\u00eb n\u00ebnshkruara, ata do ta ken\u00eb gjithmon\u00eb mb\u00ebshtetjen e plot\u00eb t\u00eb Qeveris\u00eb s\u00eb Serbis\u00eb\u201d, ka th\u00ebn\u00eb ajo p\u00ebrmes nj\u00eb deklarate.<\/p>\n<p>Edhe drejtori i Zyr\u00ebs p\u00ebr Kosov\u00ebn n\u00eb Qeverin\u00eb e Serbis\u00eb, Petar Petkoviq, e ka mb\u00ebshtetur vendimin.<\/p>\n<p>Pse \u00ebsht\u00eb krijuar kjo situat\u00eb?<\/p>\n<p>Analisti Maliqi beson se Beogradi nuk \u00ebsht\u00eb i interesuar p\u00ebr propozimin franko-gjerman, p\u00ebr finalizim t\u00eb procesit t\u00eb dialogut mes Kosov\u00ebs dhe Serbis\u00eb.<\/p>\n<p>\u201cDuhet kuptuar q\u00eb n\u00eb fund t\u00eb t\u00eb gjitha zhvillimeve q\u00eb kan\u00eb t\u00eb b\u00ebjn\u00eb me targat, q\u00ebndron kjo nism\u00eb franko-gjermane p\u00ebr ta mbyllur kontestin mes Kosov\u00ebs dhe Serbis\u00eb. Qeveria e Kosov\u00ebs duhet ta bashk\u00ebrendoj\u00eb \u00e7do hap me aleat\u00ebt, para s\u00eb gjithash me SHBA-n\u00eb, n\u00eb m\u00ebnyr\u00eb q\u00eb t\u00eb mos krijohen situata q\u00eb e favorizojn\u00eb Serbin\u00eb n\u00eb tentimin e saj p\u00ebr ta bllokuar procesin e dialogut\u201d.<\/p>\n<p>P\u00ebr planin franko-gjerman nuk ka shum\u00eb informacione.<\/p>\n<p>N\u00eb tetor, presidenti serb, Aleksandar Vu\u00e7iq ka th\u00ebn\u00eb se Franca dhe Gjermania kan\u00eb propozuar q\u00eb Serbia t\u00eb lejoj\u00eb q\u00eb Kosova t\u00eb an\u00ebtar\u00ebsohet n\u00eb organizata dhe institucione nd\u00ebrkomb\u00ebtare, p\u00ebrfshir\u00eb edhe n\u00eb Kombet e Bashkuara, n\u00eb k\u00ebmbim t\u00eb nj\u00eb an\u00ebtar\u00ebsimi t\u00eb shpejt\u00eb t\u00eb Serbis\u00eb n\u00eb Bashkimin Evropian.<br \/>\nN\u00eb nj\u00eb intervist\u00eb p\u00ebr Radion Evropa e Lir\u00eb z\u00ebvend\u00ebskryeministri i Kosov\u00ebs, Besnik Bislimi, ka th\u00ebn\u00eb se propozimi franko-gjerman parasheh zgjidhjen e kontesteve n\u00eb dy faza, \u201cku nj\u00eb pjes\u00eb e madhe e kontesteve do t\u00eb zgjidheshin tani, kurse nj\u00eb pjes\u00eb shum\u00eb e vog\u00ebl q\u00eb ata thon\u00eb \u00ebsht\u00eb 1 p\u00ebr qind, do t\u00eb liheshin p\u00ebr nj\u00eb periudh\u00eb t\u00eb m\u00ebvonshme\u201d.<\/p>\n<p>Heqja dor\u00eb nga vendimi p\u00ebr targat<\/p>\n<p>Lidhur me k\u00ebrkesat e pal\u00ebs serbe p\u00ebr anulim t\u00eb vendimit p\u00ebr targat, analisti Maliqi beson se bazuar n\u00eb pozicionin ku ka arritur Kurti, \u201ctani e ka v\u00ebshtir\u00eb t\u00eb kthehet\u201d.<\/p>\n<p>\u201cBashk\u00ebsia nd\u00ebrkomb\u00ebtare do t\u2019i gjykoj\u00eb ashp\u00ebr t\u00eb dyja pal\u00ebt p\u00ebr efektin q\u00eb e prodhon kjo situat\u00eb, pra potencialin p\u00ebr eskalim n\u00eb dhun\u00eb. N\u00eb k\u00ebt\u00eb kontekst, p\u00ebr Kosov\u00ebn do t\u00eb ishte m\u00eb e favorshme q\u00eb, ve\u00e7an\u00ebrisht me SHBA-n\u00eb, t\u00eb forcoj\u00eb presionin drejt Serbis\u00eb, dhe kjo n\u00ebnkupton q\u00eb t\u00eb mos e b\u00ebj\u00eb \u00e7\u00ebshtjen e targave si prioritet, por \u00e7\u00ebshtjen e njohjes dhe p\u00ebrmbylljes s\u00eb dialogut\u201d.<\/p>\n<p>Kosova dhe Serbia kan\u00eb nisur negociatat p\u00ebr normalizimin e marr\u00ebdh\u00ebnieve m\u00eb 2011, me nd\u00ebrmjet\u00ebsimin e Bashkimit Evropian.<\/p>\n<p>Procesi i negociatave pritet t\u00eb p\u00ebrfundoj\u00eb me marr\u00ebveshje ligj\u00ebrisht t\u00eb detyrueshme.<\/p>\n<p>Ndon\u00ebse Kosova deklaron se kjo marr\u00ebveshje duhet t\u00eb p\u00ebrfshij\u00eb njohjen e nd\u00ebrsjell\u00eb, Serbia nuk pranon, duke insistuar n\u00eb \u201czgjidhje kompromisi\u201d. \/rel\/<\/p>\n","protected":false},"excerpt":{"rendered":"<p>MITROVIC\u00cb &#8211; P\u00ebrfaq\u00ebsuesit serb\u00eb n\u00eb Kosov\u00eb kan\u00eb vendosur t\u00eb shtun\u00ebn e 5 n\u00ebntorit q\u00eb t\u00eb mos jen\u00eb m\u00eb pjes\u00eb e institucioneve t\u00eb k\u00ebtij shteti. Kryetari i List\u00ebs Serbe, Goran Rakiq, ka th\u00ebn\u00eb se dor\u00ebheqjet p\u00ebrfshijn\u00eb pozitat n\u00eb Qeverin\u00eb dhe Kuvendin e Kosov\u00ebs, dhe ato t\u00eb gjyq\u00ebsorit e Policis\u00eb s\u00eb Kosov\u00ebs n\u00eb veri. Kat\u00ebr komunat me [&hellip;]<\/p>\n","protected":false},"author":1,"featured_media":65546,"comment_status":"open","ping_status":"open","sticky":false,"template":"","format":"standard","meta":{"footnotes":""},"categories":[14],"tags":[3803,48,1158,1385],"class_list":["post-65545","post","type-post","status-publish","format-standard","has-post-thumbnail","hentry","category-kombetare","tag-aktuale","tag-kosove","tag-serbet","tag-veriu"],"_links":{"self":[{"href":"https:\/\/prizrenpost.com\/al\/wp-json\/wp\/v2\/posts\/65545","targetHints":{"allow":["GET"]}}],"collection":[{"href":"https:\/\/prizrenpost.com\/al\/wp-json\/wp\/v2\/posts"}],"about":[{"href":"https:\/\/prizrenpost.com\/al\/wp-json\/wp\/v2\/types\/post"}],"author":[{"embeddable":true,"href":"https:\/\/prizrenpost.com\/al\/wp-json\/wp\/v2\/users\/1"}],"replies":[{"embeddable":true,"href":"https:\/\/prizrenpost.com\/al\/wp-json\/wp\/v2\/comments?post=65545"}],"version-history":[{"count":1,"href":"https:\/\/prizrenpost.com\/al\/wp-json\/wp\/v2\/posts\/65545\/revisions"}],"predecessor-version":[{"id":65547,"href":"https:\/\/prizrenpost.com\/al\/wp-json\/wp\/v2\/posts\/65545\/revisions\/65547"}],"wp:featuredmedia":[{"embeddable":true,"href":"https:\/\/prizrenpost.com\/al\/wp-json\/wp\/v2\/media\/65546"}],"wp:attachment":[{"href":"https:\/\/prizrenpost.com\/al\/wp-json\/wp\/v2\/media?parent=65545"}],"wp:term":[{"taxonomy":"category","embeddable":true,"href":"https:\/\/prizrenpost.com\/al\/wp-json\/wp\/v2\/categories?post=65545"},{"taxonomy":"post_tag","embeddable":true,"href":"https:\/\/prizrenpost.com\/al\/wp-json\/wp\/v2\/tags?post=65545"}],"curies":[{"name":"wp","href":"https:\/\/api.w.org\/{rel}","templated":true}]}}