{"id":65566,"date":"2022-11-07T17:37:18","date_gmt":"2022-11-07T16:37:18","guid":{"rendered":"https:\/\/prizrenpost.com\/al\/?p=65566"},"modified":"2022-11-07T17:37:18","modified_gmt":"2022-11-07T16:37:18","slug":"kurti-per-planin-franko-gjerman-me-9-shtator-ma-sollen-keshilltaret-e-scholz-dhe-macron-ka-baze-te-mire","status":"publish","type":"post","link":"https:\/\/prizrenpost.com\/al\/kurti-per-planin-franko-gjerman-me-9-shtator-ma-sollen-keshilltaret-e-scholz-dhe-macron-ka-baze-te-mire\/","title":{"rendered":"Kurti p\u00ebr planin franko-gjerman: M\u00eb 9 shtator ma soll\u00ebn k\u00ebshilltar\u00ebt e Scholz dhe Macron, ka baz\u00eb t\u00eb mir\u00eb"},"content":{"rendered":"<p><img decoding=\"async\" src=\"https:\/\/prizrenpost.com\/al\/wp-content\/uploads\/2022\/08\/kurti.webp\" alt=\"\" width=\"100%\" height=\"\" class=\"alignnone size-full wp-image-64972\" srcset=\"https:\/\/prizrenpost.com\/al\/wp-content\/uploads\/2022\/08\/kurti.webp 1023w, https:\/\/prizrenpost.com\/al\/wp-content\/uploads\/2022\/08\/kurti-300x169.webp 300w, https:\/\/prizrenpost.com\/al\/wp-content\/uploads\/2022\/08\/kurti-768x432.webp 768w\" sizes=\"(max-width: 1023px) 100vw, 1023px\" \/><\/p>\n<p><strong>PRISHTIN\u00cb &#8211; Kryeministri Albin Kurti ka th\u00ebn\u00eb se ai q\u00eb po quhet plani franko-gjerman ka edhe mb\u00ebshtetjen e Brukselit dhe Uashingtonit.<\/strong><\/p>\n<p>\u201cUn\u00eb e kam vler\u00ebsuar k\u00ebt\u00eb propozim si hap n\u00eb drejtimin e duhur. Konceptet dhe nocionet q\u00eb p\u00ebrdoren aty jan\u00eb vlera p\u00ebr dallim prej dakordimeve t\u00eb m\u00ebhershme q\u00eb ishin p\u00ebrbrenda si ideologji t\u00eb zgjidhjes s\u00eb problemeve, ku thuhet se Kosova e ka k\u00ebt\u00eb problem t\u00eb ve\u00e7ant\u00eb n\u00eb veri t\u00eb Mitrovic\u00ebs ose n\u00eb Graqanic\u00eb dhe do t\u2019ia b\u00ebjm\u00eb nj\u00eb zgjidhje t\u00eb ve\u00e7ant\u00eb. Tash nuk jemi te ajo. Tashm\u00eb jemi t\u00eb vlerat\u201d.<\/p>\n<p>\u201cMe 18 gusht n\u00eb takimin n\u00eb Bruksel pika e par\u00eb \u00ebsht\u00eb korniza e p\u00ebrgjithshme e marr\u00ebveshjes. Deri m\u00eb 18 gusht nuk kemi pasur dialog p\u00ebr marr\u00ebveshjen. Kemi pasur dialogu p\u00ebr proces t\u00eb vazhduesh\u00ebm, dialog p\u00ebr koncesione, p\u00ebr marr\u00ebveshje t\u00eb vogla e ndonj\u00ebher\u00eb dialog p\u00ebr dialog\u201d.<\/p>\n<p>\u201cM\u00eb 9 shtator, pa u b\u00ebr\u00eb nj\u00eb muaj pas k\u00ebtij takimi pat\u00ebn ardhur n\u00eb zyre te un\u00eb k\u00ebshilltar\u00ebt e lart\u00eb t\u00eb Knacelarit Scholz dhe Macron bashk\u00eb me nd\u00ebrmjet\u00ebsin e njohur Laj\u00e7ak. Ata kan\u00eb sjell\u00eb p\u00ebrmbledhje t\u00eb ideve, modeleve q\u00eb un\u00eb nuk i kam refuzuar dhe kam th\u00ebn\u00eb se jan\u00eb baz\u00eb e mir\u00eb. Un\u00eb i kam v\u00ebrejtjet e mia dhe ua kam th\u00ebn\u00eb edhe atyre, por un\u00eb nuk e kam kund\u00ebrshtuar at\u00eb propozim\u201d.<\/p>\n<p>Nd\u00ebrsa Kurti ka th\u00ebn\u00eb se ky plan \u00ebsht\u00eb refuzuar nga Beogradi pas mbledhjes s\u00eb K\u00ebshillit t\u00eb Siguris\u00eb t\u00eb mbajtur nga ata q\u00eb tentoj\u00eb t\u00eb shnd\u00ebrroj\u00eb destabilizim e pasiguri n\u00eb Kosov\u00eb.<\/p>\n<p>\u201cQ\u00ebllimi i Beogradit nuk \u00ebsht\u00eb p\u00ebr t\u00eb mos e pranuar planin, \u00ebsht\u00eb p\u00ebr t\u00eb maskuar refuzimin e planit, i b\u00ebjn\u00eb k\u00ebto drama p\u00ebr t\u00eb kamufluar\u201d, ka deklaruar ai.<\/p>\n<p>P\u00ebr planin franko-gjerman nuk ka pasur shum\u00eb informacione.<\/p>\n<p>Kancelari i Gjermanis\u00eb, Olaf Scholz, m\u00eb 3 n\u00ebntor ka konfirmuar se ekziston plani franko-gjerman, q\u00eb \u00ebsht\u00eb raportuar se \u00ebsht\u00eb nj\u00eb propozim p\u00ebr zgjidhjen e mosmarr\u00ebveshjeve midis Kosov\u00ebs dhe Serbis\u00eb.<\/p>\n","protected":false},"excerpt":{"rendered":"<p>PRISHTIN\u00cb &#8211; Kryeministri Albin Kurti ka th\u00ebn\u00eb se ai q\u00eb po quhet plani franko-gjerman ka edhe mb\u00ebshtetjen e Brukselit dhe Uashingtonit. \u201cUn\u00eb e kam vler\u00ebsuar k\u00ebt\u00eb propozim si hap n\u00eb drejtimin e duhur. Konceptet dhe nocionet q\u00eb p\u00ebrdoren aty jan\u00eb vlera p\u00ebr dallim prej dakordimeve t\u00eb m\u00ebhershme q\u00eb ishin p\u00ebrbrenda si ideologji t\u00eb zgjidhjes s\u00eb [&hellip;]<\/p>\n","protected":false},"author":1,"featured_media":64972,"comment_status":"open","ping_status":"open","sticky":false,"template":"","format":"standard","meta":{"footnotes":""},"categories":[14],"tags":[3803,877,287,6134,799],"class_list":["post-65566","post","type-post","status-publish","format-standard","has-post-thumbnail","hentry","category-kombetare","tag-aktuale","tag-albin-kurti","tag-kosova","tag-plani-franko-gjerman","tag-serbia"],"_links":{"self":[{"href":"https:\/\/prizrenpost.com\/al\/wp-json\/wp\/v2\/posts\/65566","targetHints":{"allow":["GET"]}}],"collection":[{"href":"https:\/\/prizrenpost.com\/al\/wp-json\/wp\/v2\/posts"}],"about":[{"href":"https:\/\/prizrenpost.com\/al\/wp-json\/wp\/v2\/types\/post"}],"author":[{"embeddable":true,"href":"https:\/\/prizrenpost.com\/al\/wp-json\/wp\/v2\/users\/1"}],"replies":[{"embeddable":true,"href":"https:\/\/prizrenpost.com\/al\/wp-json\/wp\/v2\/comments?post=65566"}],"version-history":[{"count":1,"href":"https:\/\/prizrenpost.com\/al\/wp-json\/wp\/v2\/posts\/65566\/revisions"}],"predecessor-version":[{"id":65567,"href":"https:\/\/prizrenpost.com\/al\/wp-json\/wp\/v2\/posts\/65566\/revisions\/65567"}],"wp:featuredmedia":[{"embeddable":true,"href":"https:\/\/prizrenpost.com\/al\/wp-json\/wp\/v2\/media\/64972"}],"wp:attachment":[{"href":"https:\/\/prizrenpost.com\/al\/wp-json\/wp\/v2\/media?parent=65566"}],"wp:term":[{"taxonomy":"category","embeddable":true,"href":"https:\/\/prizrenpost.com\/al\/wp-json\/wp\/v2\/categories?post=65566"},{"taxonomy":"post_tag","embeddable":true,"href":"https:\/\/prizrenpost.com\/al\/wp-json\/wp\/v2\/tags?post=65566"}],"curies":[{"name":"wp","href":"https:\/\/api.w.org\/{rel}","templated":true}]}}