{"id":65568,"date":"2022-11-09T11:39:35","date_gmt":"2022-11-09T10:39:35","guid":{"rendered":"https:\/\/prizrenpost.com\/al\/?p=65568"},"modified":"2022-11-09T11:39:35","modified_gmt":"2022-11-09T10:39:35","slug":"gjendet-i-vdekur-alpinisti-i-dyte-ne-malet-e-sharrit","status":"publish","type":"post","link":"https:\/\/prizrenpost.com\/al\/gjendet-i-vdekur-alpinisti-i-dyte-ne-malet-e-sharrit\/","title":{"rendered":"Gjendet i vdekur alpinisti i dyt\u00eb n\u00eb Malet e Sharrit"},"content":{"rendered":"<p><img decoding=\"async\" src=\"https:\/\/prizrenpost.com\/al\/wp-content\/uploads\/2022\/11\/E39DA9EE-69CB-45E1-9D57-F95B9636A7D7.png\" alt=\"\" width=\"100%\" height=\"\" class=\"alignnone size-full wp-image-65569\" srcset=\"https:\/\/prizrenpost.com\/al\/wp-content\/uploads\/2022\/11\/E39DA9EE-69CB-45E1-9D57-F95B9636A7D7.png 780w, https:\/\/prizrenpost.com\/al\/wp-content\/uploads\/2022\/11\/E39DA9EE-69CB-45E1-9D57-F95B9636A7D7-300x169.png 300w, https:\/\/prizrenpost.com\/al\/wp-content\/uploads\/2022\/11\/E39DA9EE-69CB-45E1-9D57-F95B9636A7D7-768x432.png 768w\" sizes=\"(max-width: 780px) 100vw, 780px\" \/><\/p>\n<p><strong>TETOV\u00cb &#8211; Qendra p\u00ebr Menaxhim me Kriza n\u00eb Maqedoni njofton se \u00ebsht\u00eb gjetur alpinisti i cili ishte n\u00eb k\u00ebrkim q\u00eb nga mbr\u00ebm\u00eb pasi u raportua se ka r\u00ebn\u00eb nga nj\u00eb shk\u00ebmb n\u00eb zon\u00ebn af\u00ebr \u201cMaj\u00ebs s\u00eb Titos\u201d.<\/strong><\/p>\n<p>Alpinisti i cili ka raportuar p\u00ebr aksidentin \u00ebsht\u00eb gjetur q\u00eb mbr\u00ebm\u00eb rreth or\u00ebs 20:00 dhe i nj\u00ebjti \u00ebsht\u00eb d\u00ebrguar n\u00eb spital rreth or\u00ebs 03:00 s\u00eb bashku me komandantin e Nj\u00ebsis\u00eb Speciale t\u00eb MPB-s\u00eb i cili gjithashtu ka p\u00ebsuar l\u00ebndime gjat\u00eb aksion-shp\u00ebtimit.<\/p>\n<p>\u201cJan\u00eb gjetur dy personat e zhdukur n\u00eb shpatet e malit Sharr n\u00eb zon\u00ebn pran\u00eb \u201cMaj\u00ebs s\u00eb Titos\u201d. Nj\u00ebri prej tyre \u00ebsht\u00eb gjetur diku pas or\u00ebs 20:00 dhe nga ana maj\u00ebs s\u00eb Titos rreth or\u00ebs tre \u00ebsht\u00eb d\u00ebrguar n\u00eb Kodr\u00ebn e Diellit, e m\u00eb pas n\u00eb spital. S\u00eb bashku me t\u00eb n\u00eb spital \u00ebsht\u00eb d\u00ebrguar edhe shefi i SPB Tetov\u00eb, i cili ka p\u00ebsuar l\u00ebndime trupore. P\u00ebr gjetjen e personit tjet\u00ebr n\u00eb vendngjarje \u00ebsht\u00eb d\u00ebrguar nj\u00eb ekip i nj\u00ebsis\u00eb speciale t\u00eb MPB-s\u00eb nga ana tjet\u00ebr, pra p\u00ebrmes Leshnic\u00ebs dhe pas disa or\u00ebsh kan\u00eb arritur t\u00eb lokalizojn\u00eb dhe gjejn\u00eb personin e dyt\u00eb i cili ra nga shk\u00ebmbi.<\/p>\n","protected":false},"excerpt":{"rendered":"<p>TETOV\u00cb &#8211; Qendra p\u00ebr Menaxhim me Kriza n\u00eb Maqedoni njofton se \u00ebsht\u00eb gjetur alpinisti i cili ishte n\u00eb k\u00ebrkim q\u00eb nga mbr\u00ebm\u00eb pasi u raportua se ka r\u00ebn\u00eb nga nj\u00eb shk\u00ebmb n\u00eb zon\u00ebn af\u00ebr \u201cMaj\u00ebs s\u00eb Titos\u201d. Alpinisti i cili ka raportuar p\u00ebr aksidentin \u00ebsht\u00eb gjetur q\u00eb mbr\u00ebm\u00eb rreth or\u00ebs 20:00 dhe i nj\u00ebjti \u00ebsht\u00eb [&hellip;]<\/p>\n","protected":false},"author":1,"featured_media":65569,"comment_status":"open","ping_status":"open","sticky":false,"template":"","format":"standard","meta":{"footnotes":""},"categories":[17],"tags":[5020,2486],"class_list":["post-65568","post","type-post","status-publish","format-standard","has-post-thumbnail","hentry","category-kronike","tag-alpinistet","tag-tetove"],"_links":{"self":[{"href":"https:\/\/prizrenpost.com\/al\/wp-json\/wp\/v2\/posts\/65568","targetHints":{"allow":["GET"]}}],"collection":[{"href":"https:\/\/prizrenpost.com\/al\/wp-json\/wp\/v2\/posts"}],"about":[{"href":"https:\/\/prizrenpost.com\/al\/wp-json\/wp\/v2\/types\/post"}],"author":[{"embeddable":true,"href":"https:\/\/prizrenpost.com\/al\/wp-json\/wp\/v2\/users\/1"}],"replies":[{"embeddable":true,"href":"https:\/\/prizrenpost.com\/al\/wp-json\/wp\/v2\/comments?post=65568"}],"version-history":[{"count":1,"href":"https:\/\/prizrenpost.com\/al\/wp-json\/wp\/v2\/posts\/65568\/revisions"}],"predecessor-version":[{"id":65570,"href":"https:\/\/prizrenpost.com\/al\/wp-json\/wp\/v2\/posts\/65568\/revisions\/65570"}],"wp:featuredmedia":[{"embeddable":true,"href":"https:\/\/prizrenpost.com\/al\/wp-json\/wp\/v2\/media\/65569"}],"wp:attachment":[{"href":"https:\/\/prizrenpost.com\/al\/wp-json\/wp\/v2\/media?parent=65568"}],"wp:term":[{"taxonomy":"category","embeddable":true,"href":"https:\/\/prizrenpost.com\/al\/wp-json\/wp\/v2\/categories?post=65568"},{"taxonomy":"post_tag","embeddable":true,"href":"https:\/\/prizrenpost.com\/al\/wp-json\/wp\/v2\/tags?post=65568"}],"curies":[{"name":"wp","href":"https:\/\/api.w.org\/{rel}","templated":true}]}}