{"id":65578,"date":"2022-11-11T09:10:31","date_gmt":"2022-11-11T08:10:31","guid":{"rendered":"https:\/\/prizrenpost.com\/al\/?p=65578"},"modified":"2022-11-11T09:10:31","modified_gmt":"2022-11-11T08:10:31","slug":"borrelli-takon-sot-kurtin-e-vuciqin-ne-paris","status":"publish","type":"post","link":"https:\/\/prizrenpost.com\/al\/borrelli-takon-sot-kurtin-e-vuciqin-ne-paris\/","title":{"rendered":"Borrelli takon sot Kurtin e Vu\u00e7iqin n\u00eb Paris"},"content":{"rendered":"<p><img decoding=\"async\" src=\"https:\/\/prizrenpost.com\/al\/wp-content\/uploads\/2022\/11\/josep-borrell.jpeg\" alt=\"\" width=\"100%\" height=\"\" class=\"alignnone size-full wp-image-65579\" srcset=\"https:\/\/prizrenpost.com\/al\/wp-content\/uploads\/2022\/11\/josep-borrell.jpeg 813w, https:\/\/prizrenpost.com\/al\/wp-content\/uploads\/2022\/11\/josep-borrell-300x206.jpeg 300w, https:\/\/prizrenpost.com\/al\/wp-content\/uploads\/2022\/11\/josep-borrell-768x527.jpeg 768w\" sizes=\"(max-width: 813px) 100vw, 813px\" \/><\/p>\n<p><strong>PARIS &#8211; Shefi i diplomacis\u00eb s\u00eb Bashkimit Evropian, Josep Borrell, do t\u2019i takoj\u00eb ndaras sot n\u00eb Paris, kryeministrin e vendit, Albin Kurti dhe presidentin e Serbis\u00eb, Aleksandar Vu\u00e7iq.<\/strong><\/p>\n<p>Z\u00ebdh\u00ebn\u00ebsi i BE-s\u00eb, Peter Stano, tha se Borrelli do t\u2019i realizoj\u00eb k\u00ebto takime n\u00eb p\u00ebrpjekje p\u00ebr t\u00eb zbutur situat\u00ebn e tensionuar koh\u00ebve t\u00eb fundit, njofton Klan Kosova.<\/p>\n<p>\u201cN\u00eb p\u00ebrpjekje p\u00ebr t\u00eb shtensionuar dhe zbutur situat\u00ebn e tensionuar koh\u00ebve t\u00eb fundit, e p\u00ebr t\u00eb avancuar dialogun mes Kosov\u00ebs dhe Serbis\u00eb, Josep Borrell do t\u00eb takohet n\u00eb takime t\u00eb ndara me Albin Kurtin dhe Aleksandar Vu\u00e7iqin n\u00eb Paris\u201d, u shpreh Stano.<\/p>\n<p>Kujtojm\u00eb se n\u00eb Paris po q\u00ebndrojn\u00eb p\u00ebr t\u00eb marr\u00eb pjes\u00eb n\u00eb Forumin e Paqes, kryeministri Albin Kurti dhe presidentja Vjosa Osmani. Ve\u00e7 tyre, atje gjendet edhe presidenti serb, Aleksandar Vu\u00e7iq.<\/p>\n<p>Mbr\u00ebm\u00eb, n\u00eb pallatin presidencial t\u00eb Franc\u00ebs, u prit\u00ebn n\u00eb nj\u00eb takim Kurti dhe Osmani nga presidenti francez, Emmaunel Macron.<\/p>\n<p>Kurti ka p\u00ebrmendur mund\u00ebsin\u00eb p\u00ebr nj\u00eb takim trilateral me Vu\u00e7iqin dhe Macronin n\u00eb Paris, porse ky i fundit ka th\u00ebn\u00eb se gjasat jan\u00eb t\u00eb vogla p\u00ebr nj\u00eb takim t\u00eb till\u00eb.<\/p>\n","protected":false},"excerpt":{"rendered":"<p>PARIS &#8211; Shefi i diplomacis\u00eb s\u00eb Bashkimit Evropian, Josep Borrell, do t\u2019i takoj\u00eb ndaras sot n\u00eb Paris, kryeministrin e vendit, Albin Kurti dhe presidentin e Serbis\u00eb, Aleksandar Vu\u00e7iq. Z\u00ebdh\u00ebn\u00ebsi i BE-s\u00eb, Peter Stano, tha se Borrelli do t\u2019i realizoj\u00eb k\u00ebto takime n\u00eb p\u00ebrpjekje p\u00ebr t\u00eb zbutur situat\u00ebn e tensionuar koh\u00ebve t\u00eb fundit, njofton Klan Kosova. [&hellip;]<\/p>\n","protected":false},"author":1,"featured_media":65579,"comment_status":"open","ping_status":"open","sticky":false,"template":"","format":"standard","meta":{"footnotes":""},"categories":[33],"tags":[3803,5498,287,799],"class_list":["post-65578","post","type-post","status-publish","format-standard","has-post-thumbnail","hentry","category-europe","tag-aktuale","tag-josep-borrell","tag-kosova","tag-serbia"],"_links":{"self":[{"href":"https:\/\/prizrenpost.com\/al\/wp-json\/wp\/v2\/posts\/65578","targetHints":{"allow":["GET"]}}],"collection":[{"href":"https:\/\/prizrenpost.com\/al\/wp-json\/wp\/v2\/posts"}],"about":[{"href":"https:\/\/prizrenpost.com\/al\/wp-json\/wp\/v2\/types\/post"}],"author":[{"embeddable":true,"href":"https:\/\/prizrenpost.com\/al\/wp-json\/wp\/v2\/users\/1"}],"replies":[{"embeddable":true,"href":"https:\/\/prizrenpost.com\/al\/wp-json\/wp\/v2\/comments?post=65578"}],"version-history":[{"count":1,"href":"https:\/\/prizrenpost.com\/al\/wp-json\/wp\/v2\/posts\/65578\/revisions"}],"predecessor-version":[{"id":65580,"href":"https:\/\/prizrenpost.com\/al\/wp-json\/wp\/v2\/posts\/65578\/revisions\/65580"}],"wp:featuredmedia":[{"embeddable":true,"href":"https:\/\/prizrenpost.com\/al\/wp-json\/wp\/v2\/media\/65579"}],"wp:attachment":[{"href":"https:\/\/prizrenpost.com\/al\/wp-json\/wp\/v2\/media?parent=65578"}],"wp:term":[{"taxonomy":"category","embeddable":true,"href":"https:\/\/prizrenpost.com\/al\/wp-json\/wp\/v2\/categories?post=65578"},{"taxonomy":"post_tag","embeddable":true,"href":"https:\/\/prizrenpost.com\/al\/wp-json\/wp\/v2\/tags?post=65578"}],"curies":[{"name":"wp","href":"https:\/\/api.w.org\/{rel}","templated":true}]}}