{"id":65594,"date":"2022-11-12T11:25:04","date_gmt":"2022-11-12T10:25:04","guid":{"rendered":"https:\/\/prizrenpost.com\/al\/?p=65594"},"modified":"2022-11-12T11:25:04","modified_gmt":"2022-11-12T10:25:04","slug":"stefanoviq-marreveshja-kosove-serbi-te-arrihet-sipas-modelit-te-dy-gjermanive","status":"publish","type":"post","link":"https:\/\/prizrenpost.com\/al\/stefanoviq-marreveshja-kosove-serbi-te-arrihet-sipas-modelit-te-dy-gjermanive\/","title":{"rendered":"Stefanoviq: Marr\u00ebveshja Kosov\u00eb-Serbi t\u00eb arrihet sipas modelit t\u00eb dy Gjermanive"},"content":{"rendered":"<p><img decoding=\"async\" src=\"https:\/\/prizrenpost.com\/al\/wp-content\/uploads\/2022\/11\/stefanoviq.jpeg\" alt=\"\" width=\"100%\" height=\"\" class=\"alignnone size-full wp-image-65595\" srcset=\"https:\/\/prizrenpost.com\/al\/wp-content\/uploads\/2022\/11\/stefanoviq.jpeg 1000w, https:\/\/prizrenpost.com\/al\/wp-content\/uploads\/2022\/11\/stefanoviq-300x200.jpeg 300w, https:\/\/prizrenpost.com\/al\/wp-content\/uploads\/2022\/11\/stefanoviq-768x512.jpeg 768w\" sizes=\"(max-width: 1000px) 100vw, 1000px\" \/><\/p>\n<p><strong>BEOGRAD &#8211; Borko Stefanoviq, ish-kryenegociator serb n\u00eb dialogun Kosov\u00eb-Serbi, si dhe kryetar i Komisionit t\u00eb Jasht\u00ebm n\u00eb Parlamentin e Serbis\u00eb n\u00eb \u201cLajmet e fundit\u201d foli p\u00ebr situat\u00ebn n\u00eb t\u00eb cil\u00ebn ndodhet Kosova e Serbia dit\u00ebve t\u00eb fundit.<\/strong><\/p>\n<p>\u201cPas nj\u00eb kohe t\u00eb gjat\u00eb t\u00eb qenit udh\u00ebheq\u00ebs i grupit negociator t\u00eb pal\u00ebs serbe n\u00eb negociatat mes Kosov\u00ebs e Serbis\u00eb, nuk kam menduar se do t\u00eb shkoj\u00eb aq gjat\u00eb ky proces, ndon\u00ebse \u00ebsht\u00eb nd\u00ebrmjet\u00ebsuar nga BE, shpresonim t\u2019i ndihmonim njer\u00ebzve n\u00eb terren\u201d, deklaroi ish- kryenegociatori serb n\u00eb dialogun Kosov\u00eb-Serbi, Borko Stefanoviq n\u00eb RTK.<\/p>\n<p>Tutje, ai shtoi se kemi nj\u00eb situat\u00eb problematike, t\u00eb mbushur me tensione e probleme, q\u00eb nuk mund t\u00eb zgjidhim q\u00eb t\u00eb gjitha, prandaj, shtoi ai, duhet t\u00eb punohet shum\u00eb p\u00ebr t\u00eb shmangur ndonj\u00eb konfrontim t\u00eb mundsh\u00ebm n\u00eb Kosov\u00eb.<\/p>\n<p>\u201cDialogu i nisur m\u00eb shum\u00eb se nj\u00eb dekad\u00eb, tani e shoh n\u00eb nj\u00eb faz\u00eb q\u00eb fatkeq\u00ebsisht Asociacioni ende nuk \u00ebsht\u00eb zbatuar, edhe pse \u00ebsht\u00eb pranuar nga t\u00eb dyja pal\u00ebt q\u00eb m\u00eb 2013-t\u00ebn, pastaj problemi tjet\u00ebr \u00ebsht\u00eb q\u00eb Qeveria Kurti vazhdon me presionin ndaj komuniteti serb n\u00eb Kosov\u00eb, si dhe po p\u00ebrpiqet ta shkel\u00eb \u00e7do marr\u00ebveshje t\u00eb arritur deri m\u00eb tani n\u00eb dialogun teknik\u201d, deklaroi Stefanoviq<\/p>\n<p>M\u00eb tej ai shtoi se kryeministri Kurti marr\u00ebveshjen p\u00ebr targat e ka mohuar n\u00eb m\u00ebnyr\u00eb t\u00eb nj\u00ebanshme, duke mohuar tabelat KS.<\/p>\n<p>\u201cT\u00ebrheqja e komunitetit serb nga institucionet e Kosov\u00ebs ka qen\u00eb i natyrsh\u00ebm e q\u00eb tani kemi nj\u00eb vakum sigurie me kriza potenciale t\u00eb reja q\u00eb mund t\u00eb lindin\u201d, deklaroi Stefanoviq.<\/p>\n<p>Ai pohoi se p\u00ebr kthimin e serb\u00ebve n\u00eb institucionet e Kosov\u00ebs duhet q\u00eb t\u00eb krijohet Asociacioni, duke shtuar se q\u00eb nga Uashingtoni e Brukseli i vijn\u00eb mesazhe Kurtit q\u00eb ta shtyn vendimin p\u00ebr targat, si dhe ta themeloj\u00eb Asociacionin me komuna me shumic\u00eb serbe.<\/p>\n<p>\u201cSi popuj fqinj do t\u00eb donim t\u00eb negocionim t\u00eb zgjidhim mosmarr\u00ebveshjet midis nesh sa m\u00eb shpejt\u00eb p\u00ebr \u00e7do \u00e7\u00ebshtje t\u00eb hapur, sa ma her\u00ebt q\u00eb \u00ebsht\u00eb e mundur, sepse duam t\u00eb kemi siguri  prosperitet t\u00eb serb\u00ebve n\u00eb Kosov\u00eb, n\u00eb paqe e stabilitet, kjo do t\u00eb ishte e sh\u00ebndosh e k\u00ebthjelluese\u201d, deklaroi Stefanoviq n\u00eb \u201cLajmet e fundit\u201d, n\u00eb RTK.<\/p>\n<p>\u201cTargat nuk do t\u00eb duhej t\u00eb ishin di\u00e7ka q\u00eb dikush do t\u00eb mund t\u00eb humbte jet\u00ebn, Serbia do t\u00eb vazhdoj\u00eb me politiken e simbolizmit\u201d, vuri n\u00eb dukje Stefanoviq.<\/p>\n<p>M\u00eb tej ai theksoi se Asociacioni p\u00ebr Kosov\u00ebn nuk \u00ebsht\u00eb hap i leht\u00eb q\u00eb t\u00eb zbatohet, po duhet, sepse Borell sot e dje Escobar kan\u00eb ftuar q\u00eb ta zbatojn\u00eb Asociacionin.<\/p>\n<p>E lidhur me planin franko-gjerman, si draft-dokument p\u00ebr zgjidhjen e \u00e7\u00ebshtjes Kosov\u00eb-Serbi, Stefanoviq tha se askush nuk  e ka par\u00eb at\u00eb draft, ndaj nuk parap\u00eblqeu  t\u00eb b\u00ebnte komente n\u00eb baz\u00eb t\u00eb lajmeve t\u00eb publikuara n\u00ebp\u00ebr portale t\u00eb ndryshme, por ai tha se duhet p\u00ebrshpejtuar n\u00eb zgjidhjen e \u00e7\u00ebshtjeve mes t\u00eb dyja vendeve. E p\u00ebr k\u00ebt\u00eb Stefanoviq  propozoi marr\u00ebveshjen sipas formul\u00ebs s\u00eb dy Gjermanive, q\u00eb do t\u00eb mund t\u00eb zbatoheshin disa elemente nga ajo marr\u00ebveshje.<\/p>\n<p>Sipas Stefanoviq, Serbia e Kosova  duhet t\u00eb vazhdojn\u00eb dialogun sa ma shpejt\u00eb q\u00eb \u00ebsht\u00eb e mundur, q\u00eb nes\u00ebr bile, derisa shtoi se Kurti rrezikon stabilitetin edhe t\u00eb kabinetit t\u00eb vet, n\u00ebse vepron k\u00ebshtu ende me k\u00ebt\u00eb m\u00ebnyr\u00eb.<\/p>\n","protected":false},"excerpt":{"rendered":"<p>BEOGRAD &#8211; Borko Stefanoviq, ish-kryenegociator serb n\u00eb dialogun Kosov\u00eb-Serbi, si dhe kryetar i Komisionit t\u00eb Jasht\u00ebm n\u00eb Parlamentin e Serbis\u00eb n\u00eb \u201cLajmet e fundit\u201d foli p\u00ebr situat\u00ebn n\u00eb t\u00eb cil\u00ebn ndodhet Kosova e Serbia dit\u00ebve t\u00eb fundit. \u201cPas nj\u00eb kohe t\u00eb gjat\u00eb t\u00eb qenit udh\u00ebheq\u00ebs i grupit negociator t\u00eb pal\u00ebs serbe n\u00eb negociatat mes Kosov\u00ebs [&hellip;]<\/p>\n","protected":false},"author":1,"featured_media":65595,"comment_status":"open","ping_status":"open","sticky":false,"template":"","format":"standard","meta":{"footnotes":""},"categories":[15],"tags":[3803,6153,1686,287,799],"class_list":["post-65594","post","type-post","status-publish","format-standard","has-post-thumbnail","hentry","category-ballkan","tag-aktuale","tag-borko-stefanoviq","tag-dialogu","tag-kosova","tag-serbia"],"_links":{"self":[{"href":"https:\/\/prizrenpost.com\/al\/wp-json\/wp\/v2\/posts\/65594","targetHints":{"allow":["GET"]}}],"collection":[{"href":"https:\/\/prizrenpost.com\/al\/wp-json\/wp\/v2\/posts"}],"about":[{"href":"https:\/\/prizrenpost.com\/al\/wp-json\/wp\/v2\/types\/post"}],"author":[{"embeddable":true,"href":"https:\/\/prizrenpost.com\/al\/wp-json\/wp\/v2\/users\/1"}],"replies":[{"embeddable":true,"href":"https:\/\/prizrenpost.com\/al\/wp-json\/wp\/v2\/comments?post=65594"}],"version-history":[{"count":1,"href":"https:\/\/prizrenpost.com\/al\/wp-json\/wp\/v2\/posts\/65594\/revisions"}],"predecessor-version":[{"id":65596,"href":"https:\/\/prizrenpost.com\/al\/wp-json\/wp\/v2\/posts\/65594\/revisions\/65596"}],"wp:featuredmedia":[{"embeddable":true,"href":"https:\/\/prizrenpost.com\/al\/wp-json\/wp\/v2\/media\/65595"}],"wp:attachment":[{"href":"https:\/\/prizrenpost.com\/al\/wp-json\/wp\/v2\/media?parent=65594"}],"wp:term":[{"taxonomy":"category","embeddable":true,"href":"https:\/\/prizrenpost.com\/al\/wp-json\/wp\/v2\/categories?post=65594"},{"taxonomy":"post_tag","embeddable":true,"href":"https:\/\/prizrenpost.com\/al\/wp-json\/wp\/v2\/tags?post=65594"}],"curies":[{"name":"wp","href":"https:\/\/api.w.org\/{rel}","templated":true}]}}