{"id":65638,"date":"2022-11-19T09:09:51","date_gmt":"2022-11-19T08:09:51","guid":{"rendered":"https:\/\/prizrenpost.com\/al\/?p=65638"},"modified":"2022-11-19T09:09:51","modified_gmt":"2022-11-19T08:09:51","slug":"escobar-pret-nje-marreveshje-mes-prishtine-dhe-beogradit-ne-ditet-ne-vijim","status":"publish","type":"post","link":"https:\/\/prizrenpost.com\/al\/escobar-pret-nje-marreveshje-mes-prishtine-dhe-beogradit-ne-ditet-ne-vijim\/","title":{"rendered":"Escobar pret nj\u00eb marr\u00ebveshje mes Prishtin\u00eb dhe Beogradit n\u00eb dit\u00ebt n\u00eb vijim"},"content":{"rendered":"<p><img decoding=\"async\" src=\"https:\/\/prizrenpost.com\/al\/wp-content\/uploads\/2022\/11\/escobar.jpeg\" alt=\"\" width=\"100%\" height=\"\" class=\"alignnone size-full wp-image-65639\" srcset=\"https:\/\/prizrenpost.com\/al\/wp-content\/uploads\/2022\/11\/escobar.jpeg 930w, https:\/\/prizrenpost.com\/al\/wp-content\/uploads\/2022\/11\/escobar-300x169.jpeg 300w, https:\/\/prizrenpost.com\/al\/wp-content\/uploads\/2022\/11\/escobar-768x434.jpeg 768w\" sizes=\"(max-width: 930px) 100vw, 930px\" \/><\/p>\n<p><strong>WASHINGTON &#8211; Z\u00ebvend\u00ebsndihm\u00ebs Sekretari Amerikan i Shtetit dhe i d\u00ebrguari i posa\u00e7\u00ebm p\u00ebr Ballkanin Per\u00ebndimor, Gabriel Escobar, shpreson se Prishtina dhe Beogradi do t\u00eb arrijn\u00eb nj\u00eb marr\u00ebveshje n\u00eb dit\u00ebt n\u00eb vijim p\u00ebr uljen e tensioneve n\u00eb veri.<\/strong><\/p>\n<p>Escobar i b\u00ebri thirrje dy pal\u00ebve q\u00eb t\u00eb tregojn\u00eb fleksibilitet maksimal dhe t\u00eb arrijn\u00eb nj\u00eb marr\u00ebveshje para 21 n\u00ebntorit, dat\u00eb kur do t\u00eb fillojn\u00eb gjobat n\u00eb veri p\u00ebr ata q\u00eb nuk kan\u00eb automjetet me targat RKS.<\/p>\n<p>\u201cPal\u00ebt duhet t\u00eb dyfishojn\u00eb detyrimet e tyre ndaj dialogut, duke p\u00ebrfshir\u00eb zbatimin e marr\u00ebveshjeve tashm\u00eb t\u00eb n\u00ebnshkruara, q\u00eb n\u00ebnkupton fillimin e negociatave p\u00ebr themelimin e Bashk\u00ebsis\u00eb s\u00eb Komunave Serbe\u201d, tha Escobar, shkruan Euronews.<\/p>\n<p>Sipas tij, ngjarjet e fundit n\u00eb veri t\u00eb Kosov\u00ebs jan\u00eb shqet\u00ebsuese.<\/p>\n<p>\u201cT\u00ebrheqja e serb\u00ebve t\u00eb Kosov\u00ebs nga institucionet e Kosov\u00ebs nuk \u00ebsht\u00eb zgjidhje p\u00ebr mosmarr\u00ebveshjet aktuale dhe ka potencial p\u00ebr t\u00eb p\u00ebrshkall\u00ebzuar m\u00eb tej tensionet. T\u00eb gjitha pal\u00ebt duhet t\u00eb nd\u00ebrmarrin hapa p\u00ebr t\u00eb ulur tensionet dhe p\u00ebr t\u00eb siguruar paqen dhe stabilitetin\u201d, n\u00ebnvizoi Escobar.<\/p>\n","protected":false},"excerpt":{"rendered":"<p>WASHINGTON &#8211; Z\u00ebvend\u00ebsndihm\u00ebs Sekretari Amerikan i Shtetit dhe i d\u00ebrguari i posa\u00e7\u00ebm p\u00ebr Ballkanin Per\u00ebndimor, Gabriel Escobar, shpreson se Prishtina dhe Beogradi do t\u00eb arrijn\u00eb nj\u00eb marr\u00ebveshje n\u00eb dit\u00ebt n\u00eb vijim p\u00ebr uljen e tensioneve n\u00eb veri. Escobar i b\u00ebri thirrje dy pal\u00ebve q\u00eb t\u00eb tregojn\u00eb fleksibilitet maksimal dhe t\u00eb arrijn\u00eb nj\u00eb marr\u00ebveshje para 21 [&hellip;]<\/p>\n","protected":false},"author":1,"featured_media":65639,"comment_status":"open","ping_status":"open","sticky":false,"template":"","format":"standard","meta":{"footnotes":""},"categories":[24],"tags":[3803,2361,5914,287,799],"class_list":["post-65638","post","type-post","status-publish","format-standard","has-post-thumbnail","hentry","category-bote","tag-aktuale","tag-amerika","tag-gabriel-escobar","tag-kosova","tag-serbia"],"_links":{"self":[{"href":"https:\/\/prizrenpost.com\/al\/wp-json\/wp\/v2\/posts\/65638","targetHints":{"allow":["GET"]}}],"collection":[{"href":"https:\/\/prizrenpost.com\/al\/wp-json\/wp\/v2\/posts"}],"about":[{"href":"https:\/\/prizrenpost.com\/al\/wp-json\/wp\/v2\/types\/post"}],"author":[{"embeddable":true,"href":"https:\/\/prizrenpost.com\/al\/wp-json\/wp\/v2\/users\/1"}],"replies":[{"embeddable":true,"href":"https:\/\/prizrenpost.com\/al\/wp-json\/wp\/v2\/comments?post=65638"}],"version-history":[{"count":1,"href":"https:\/\/prizrenpost.com\/al\/wp-json\/wp\/v2\/posts\/65638\/revisions"}],"predecessor-version":[{"id":65640,"href":"https:\/\/prizrenpost.com\/al\/wp-json\/wp\/v2\/posts\/65638\/revisions\/65640"}],"wp:featuredmedia":[{"embeddable":true,"href":"https:\/\/prizrenpost.com\/al\/wp-json\/wp\/v2\/media\/65639"}],"wp:attachment":[{"href":"https:\/\/prizrenpost.com\/al\/wp-json\/wp\/v2\/media?parent=65638"}],"wp:term":[{"taxonomy":"category","embeddable":true,"href":"https:\/\/prizrenpost.com\/al\/wp-json\/wp\/v2\/categories?post=65638"},{"taxonomy":"post_tag","embeddable":true,"href":"https:\/\/prizrenpost.com\/al\/wp-json\/wp\/v2\/tags?post=65638"}],"curies":[{"name":"wp","href":"https:\/\/api.w.org\/{rel}","templated":true}]}}