{"id":65681,"date":"2022-11-22T13:22:57","date_gmt":"2022-11-22T12:22:57","guid":{"rendered":"https:\/\/prizrenpost.com\/al\/?p=65681"},"modified":"2022-11-22T13:22:57","modified_gmt":"2022-11-22T12:22:57","slug":"rastet-me-kancer-ne-kosove","status":"publish","type":"post","link":"https:\/\/prizrenpost.com\/al\/rastet-me-kancer-ne-kosove\/","title":{"rendered":"Rastet me kancer n\u00eb Kosov\u00eb"},"content":{"rendered":"<p><img decoding=\"async\" src=\"https:\/\/prizrenpost.com\/al\/wp-content\/uploads\/2022\/11\/klinika-e-onkologjise.webp\" alt=\"\" width=\"100%\" height=\"\" class=\"alignnone size-full wp-image-65682\" srcset=\"https:\/\/prizrenpost.com\/al\/wp-content\/uploads\/2022\/11\/klinika-e-onkologjise.webp 1023w, https:\/\/prizrenpost.com\/al\/wp-content\/uploads\/2022\/11\/klinika-e-onkologjise-300x169.webp 300w, https:\/\/prizrenpost.com\/al\/wp-content\/uploads\/2022\/11\/klinika-e-onkologjise-768x432.webp 768w\" sizes=\"(max-width: 1023px) 100vw, 1023px\" \/><\/p>\n<p><strong>PRISHTIN\u00cb &#8211; N\u00eb Kosov\u00eb, sipas autoriteteve sh\u00ebndet\u00ebsore, \u00e7do vit regjistrohen deri n\u00eb 1.500 raste t\u00eb reja me kancer. Por, k\u00ebt\u00eb vit, pritet t\u00eb ket\u00eb rritje.<\/strong><\/p>\n<p>\u201cDeri n\u00eb fund t\u00eb vitit, [pritet] q\u00eb numri i rasteve t\u00eb reja t\u00eb jet\u00eb diku afro 2.000; deri n\u00eb 400 vet\u00ebm me kancer t\u00eb gjirit\u201d, thot\u00eb p\u00ebr Radion Evropa e Lir\u00eb ushtruesi i detyr\u00ebs s\u00eb drejtorit t\u00eb Klinik\u00ebs s\u00eb Onkologjis\u00eb n\u00eb QKUK, Arben Bislimi.<\/p>\n<p>Forma m\u00eb e p\u00ebrhapur n\u00eb Kosov\u00eb \u00ebsht\u00eb kanceri i gjirit te grat\u00eb dhe ai i mushk\u00ebrive te burrat, nd\u00ebrsa grup-mosha m\u00eb e prekur nga kjo s\u00ebmundje \u00ebsht\u00eb mbi 50 vje\u00e7.<\/p>\n<p>Derisa rritja e numrit t\u00eb rasteve, sipas mjek\u00ebve, \u00ebsht\u00eb konform ecuris\u00eb s\u00eb s\u00ebmundjeve malinje n\u00eb p\u00ebrgjith\u00ebsi, sfid\u00eb, thon\u00eb ata, mbetet zbulimi i vonsh\u00ebm i s\u00ebmundjes.<\/p>\n<p>Kur ka dyshime te nj\u00eb pacient, mjek\u00ebt thon\u00eb se \u00ebsht\u00eb e r\u00ebnd\u00ebsishme q\u00eb skanimi me PET\/CT t\u00eb b\u00ebhet sa m\u00eb par\u00eb, n\u00eb m\u00ebnyr\u00eb q\u00eb t\u00eb p\u00ebrcillet gjendja e pacientit dhe t\u00eb p\u00ebrshkruhet terapia e duhur.<\/p>\n<p>Skanimi me PET\/CT i identifikon kanceret n\u00eb faza t\u00eb hershme dhe p\u00ebrcakton llojin e tyre, p\u00ebrkat\u00ebsisht n\u00ebse jan\u00eb malinj\u00eb apo beninj\u00eb. Ky lloj skanimi p\u00ebrdoret edhe p\u00ebr diagnostikimin e s\u00ebmundjeve neurologjike dhe kardiake.<\/p>\n<p><strong>Pse QKUK-ja nuk ka PET\/CT?<\/strong><\/p>\n<p>N\u00eb Sh\u00ebrbimin Spitalor Klinik dhe Universitar t\u00eb Kosov\u00ebs (SHSKUK) nuk iu p\u00ebrgjigj\u00ebn interesimit t\u00eb Radios Evropa e Lir\u00eb se p\u00ebrse QKUK-ja nuk ka aparatur\u00eb PET\/CT.<\/p>\n<p>Udh\u00ebheq\u00ebs t\u00eb disa klinikave n\u00eb QKUK thon\u00eb se ajo \u00ebsht\u00eb m\u00eb se e nevojshme, n\u00eb koh\u00ebn kur numri i rasteve me kancer \u00ebsht\u00eb n\u00eb rritje.<\/p>\n<p>Drejtoresha e Klinik\u00ebs s\u00eb Radiologjis\u00eb, Shk\u00ebndije Nuza, thot\u00eb p\u00ebr Radion Evropa e Lir\u00eb se nuk i di arsyet se p\u00ebrse kjo pajisje nuk \u00ebsht\u00eb bler\u00eb kurr\u00eb.<\/p>\n<p>\u201cNe, si klinik\u00eb, e kemi b\u00ebr\u00eb gati k\u00ebrkes\u00ebn dhe do ta dor\u00ebzojm\u00eb bashk\u00eb me planifikimet e tjera q\u00eb i kemi b\u00ebr\u00eb gati p\u00ebr vitin e ardhsh\u00ebm [2023]\u201d, thot\u00eb Nuza.<\/p>\n<p>\u201cBazuar n\u00eb k\u00ebrkesat e shumta p\u00ebr PET\/CT, si metod\u00eb e avancuar diagnostikuese, si dhe n\u00eb referimet e shumta jasht\u00eb vendit p\u00ebr k\u00ebt\u00eb metod\u00eb diagnostikuese, n\u00eb QKUK \u00ebsht\u00eb e domosdoshme nj\u00eb aparatur\u00eb e till\u00eb\u201d, thekson ajo.<\/p>\n<p>Ngjash\u00ebm thon\u00eb edhe n\u00eb Sh\u00ebrbimin e Mjek\u00ebsis\u00eb Nukleare t\u00eb QKUK-s\u00eb, ku b\u00ebhet diagnostikimi, vler\u00ebsimi dhe trajtimi i s\u00ebmundjeve t\u00eb ndryshme, p\u00ebrfshir\u00eb kancerin.<\/p>\n<p>\u201cPET\/CT-ja \u00ebsht\u00eb e domosdoshme t\u00eb jet\u00eb n\u00eb QKUK, por, deri m\u00eb sot, nuk kemi arritur ta kemi\u201d, thot\u00eb drejtori i k\u00ebtij sh\u00ebrbimi, Fakir Spahiu.<\/p>\n<p>\u201cKemi punuar n\u00eb at\u00eb drejtim, si mjek\u00ebsi nukleare, si sh\u00ebrbim n\u00eb QKUK&#8230; Kemi k\u00ebrkuar q\u00eb moti ta kemi si aparatur\u00eb, p\u00ebr ta ofruar sh\u00ebrbimin\u201d, thot\u00eb Spahiu, duke mos i ditur arsyet se p\u00ebrse mungon ajo.<\/p>\n<p>Ai shton se sh\u00ebrbimi q\u00eb udh\u00ebheq ai, ka edhe personel adekuat p\u00ebr t\u00eb operuar me PET\/CT.<\/p>\n<p>\u201cKemi qen\u00eb n\u00eb Itali, kemi qen\u00eb n\u00eb Turqi&#8230; Kemi par\u00eb se si punohet, jemi deri diku t\u00eb p\u00ebrgatitur. Mir\u00ebpo, kur t\u00eb vij\u00eb edhe aparatura, ajo e ka edhe pjes\u00ebn e trajnimit\u201d, thot\u00eb Spahiu.<\/p>\n<p>\u201c\u00cbsht\u00eb e nevojshme gjithsesi\u201d, thot\u00eb edhe ushtruesi i detyr\u00ebs s\u00eb drejtorit t\u00eb Klinik\u00ebs s\u00eb Onkologjis\u00eb, Arben Bislimi.<\/p>\n<p><strong>\u00c7far\u00eb thon\u00eb n\u00eb Ministrin\u00eb e Sh\u00ebndet\u00ebsis\u00eb?<\/strong><\/p>\n<p>N\u00eb Ministrin\u00eb e Sh\u00ebndet\u00ebsis\u00eb n\u00eb Kosov\u00eb thon\u00eb se bashk\u00ebpunojn\u00eb me SHSKUK-n\u00eb p\u00ebr blerjen e pajisjeve t\u00eb nevojshme.<\/p>\n<p>\u201cMSH-ja dhe SHSKUK-ja e kan\u00eb kategorin\u00eb e investimeve kapitale, ku prioritet u jepet atyre pajisjeve, t\u00eb cilat profesionist\u00ebt sh\u00ebndet\u00ebsor\u00eb i konsiderojn\u00eb t\u00eb nevojshme dhe t\u00eb arritshme p\u00ebr pun\u00ebn e tyre\u201d, thuhet n\u00eb nj\u00eb deklarat\u00eb me shkrim t\u00eb Ministris\u00eb s\u00eb Sh\u00ebndet\u00ebsis\u00eb, d\u00ebrguar REL-it.<\/p>\n<p>Duke iu referuar vitit 2023, n\u00eb deklarat\u00eb po ashtu thuhet se investimet kapitale do t\u00eb varen nga udh\u00ebheq\u00ebsia e SHSKUK-s\u00eb.<\/p>\n<p>Sipas vler\u00ebsimeve t\u00eb disa mjek\u00ebve, nj\u00eb aparatur\u00eb PET\/CT mund t\u00eb kushtoj\u00eb mbi nj\u00eb milion euro.<\/p>\n<p>Dhe, mungesa e saj n\u00eb QKUK nuk \u00ebsht\u00eb problemi i vet\u00ebm p\u00ebr pacient\u00ebt kosovar\u00eb.<\/p>\n<p>N\u00eb shum\u00eb klinika t\u00eb k\u00ebtij institucioni, ata duhet t\u00eb presin me muaj apo me vite p\u00ebr t\u00eb marr\u00eb nj\u00eb sh\u00ebrbim t\u00eb caktuar.<\/p>\n<p>N\u00eb munges\u00eb t\u00eb personelit, p\u00ebr pacient\u00ebt e shtrir\u00eb shpesh duhet t\u00eb kujdesen edhe familjar\u00ebt.<\/p>\n<p>P\u00ebr m\u00eb tep\u00ebr, qytetar\u00ebt n\u00eb Kosov\u00eb nuk kan\u00eb as sigurime sh\u00ebndet\u00ebsore. Vet\u00ebm disa mund t\u00eb jen\u00eb t\u00eb siguruar p\u00ebrmes kompanive private, q\u00eb ofrojn\u00eb sh\u00ebrbime t\u00eb tilla.<\/p>\n","protected":false},"excerpt":{"rendered":"<p>PRISHTIN\u00cb &#8211; N\u00eb Kosov\u00eb, sipas autoriteteve sh\u00ebndet\u00ebsore, \u00e7do vit regjistrohen deri n\u00eb 1.500 raste t\u00eb reja me kancer. Por, k\u00ebt\u00eb vit, pritet t\u00eb ket\u00eb rritje. \u201cDeri n\u00eb fund t\u00eb vitit, [pritet] q\u00eb numri i rasteve t\u00eb reja t\u00eb jet\u00eb diku afro 2.000; deri n\u00eb 400 vet\u00ebm me kancer t\u00eb gjirit\u201d, thot\u00eb p\u00ebr Radion Evropa e [&hellip;]<\/p>\n","protected":false},"author":1,"featured_media":65682,"comment_status":"open","ping_status":"open","sticky":false,"template":"","format":"standard","meta":{"footnotes":""},"categories":[5],"tags":[1775,6159,48,1610],"class_list":["post-65681","post","type-post","status-publish","format-standard","has-post-thumbnail","hentry","category-shendetesi","tag-kanceri","tag-klinika-e-onkologjise","tag-kosove","tag-shendetesia"],"_links":{"self":[{"href":"https:\/\/prizrenpost.com\/al\/wp-json\/wp\/v2\/posts\/65681","targetHints":{"allow":["GET"]}}],"collection":[{"href":"https:\/\/prizrenpost.com\/al\/wp-json\/wp\/v2\/posts"}],"about":[{"href":"https:\/\/prizrenpost.com\/al\/wp-json\/wp\/v2\/types\/post"}],"author":[{"embeddable":true,"href":"https:\/\/prizrenpost.com\/al\/wp-json\/wp\/v2\/users\/1"}],"replies":[{"embeddable":true,"href":"https:\/\/prizrenpost.com\/al\/wp-json\/wp\/v2\/comments?post=65681"}],"version-history":[{"count":1,"href":"https:\/\/prizrenpost.com\/al\/wp-json\/wp\/v2\/posts\/65681\/revisions"}],"predecessor-version":[{"id":65683,"href":"https:\/\/prizrenpost.com\/al\/wp-json\/wp\/v2\/posts\/65681\/revisions\/65683"}],"wp:featuredmedia":[{"embeddable":true,"href":"https:\/\/prizrenpost.com\/al\/wp-json\/wp\/v2\/media\/65682"}],"wp:attachment":[{"href":"https:\/\/prizrenpost.com\/al\/wp-json\/wp\/v2\/media?parent=65681"}],"wp:term":[{"taxonomy":"category","embeddable":true,"href":"https:\/\/prizrenpost.com\/al\/wp-json\/wp\/v2\/categories?post=65681"},{"taxonomy":"post_tag","embeddable":true,"href":"https:\/\/prizrenpost.com\/al\/wp-json\/wp\/v2\/tags?post=65681"}],"curies":[{"name":"wp","href":"https:\/\/api.w.org\/{rel}","templated":true}]}}