{"id":65755,"date":"2022-12-07T09:41:16","date_gmt":"2022-12-07T08:41:16","guid":{"rendered":"https:\/\/prizrenpost.com\/al\/?p=65755"},"modified":"2022-12-07T09:41:16","modified_gmt":"2022-12-07T08:41:16","slug":"me-zor-nuk-mbahen-zgjedhjet-ne-veri","status":"publish","type":"post","link":"https:\/\/prizrenpost.com\/al\/me-zor-nuk-mbahen-zgjedhjet-ne-veri\/","title":{"rendered":"Me zor nuk mbahen zgjedhjet n\u00eb veri"},"content":{"rendered":"<p><img decoding=\"async\" src=\"https:\/\/prizrenpost.com\/al\/wp-content\/uploads\/2022\/12\/kqz-kosove.webp\" alt=\"\" width=\"100%\" height=\"\" class=\"alignnone size-full wp-image-65756\" srcset=\"https:\/\/prizrenpost.com\/al\/wp-content\/uploads\/2022\/12\/kqz-kosove.webp 1023w, https:\/\/prizrenpost.com\/al\/wp-content\/uploads\/2022\/12\/kqz-kosove-300x169.webp 300w, https:\/\/prizrenpost.com\/al\/wp-content\/uploads\/2022\/12\/kqz-kosove-768x432.webp 768w\" sizes=\"(max-width: 1023px) 100vw, 1023px\" \/><\/p>\n<p><strong>PRISHTIN\u00cb &#8211; Kryetari i Komisionit Qendror t\u00eb Zgjedhjeve, Kreshnik Radoniqi, tha se incidentet n\u00eb veri m\u00eb 6 dhjetor, d\u00ebshmuan se qasja e KQZ-s\u00eb \u00ebsht\u00eb e kufizuar n\u00eb k\u00ebt\u00eb pjes\u00eb t\u00eb vendit.<\/strong><\/p>\n<p>N\u00eb Zubin Potok dhe Mitrovic\u00eb t\u00eb Veriut, Policia e Kosov\u00ebs konfirmoi se ka pasur \u201cshp\u00ebrthime dhe shkrepje arm\u00ebsh\u201d.<\/p>\n<p>Zyrtar\u00ebt komunal\u00eb zgjedhor\u00eb, q\u00eb ishin n\u00ebn p\u00ebrcjelljen e Policis\u00eb s\u00eb Kosov\u00ebs, u tha se u penguan q\u00eb t\u00eb shkonin n\u00eb zyrat komunale zgjedhore n\u00eb k\u00ebto dy komuna, p\u00ebr t\u00eb kryer detyrat e tyre zyrtare.<\/p>\n<p>Gjat\u00eb nj\u00eb mbledhjeje t\u00eb KQZ-s\u00eb pasditen e 6 dhjetorit, Radoniqi tha se pret t\u00eb shoh\u00eb raportin e siguris\u00eb p\u00ebr procesin zgjedhor t\u00eb Policis\u00eb s\u00eb Kosov\u00ebs, duke shtuar se \u201cme zor nuk mbahen zgjedhjet, n\u00eb k\u00ebt\u00eb form\u00eb\u201d.<\/p>\n<p>Sipas tij, KQZ-ja nuk mund t\u00eb rrezikoj\u00eb jet\u00ebn e zyrtar\u00ebve zgjedhor\u00eb.<\/p>\n<p>\u201cSot kishim planifikuar t\u00eb vizitojm\u00eb zyrat tona, p\u00ebr t\u00eb par\u00eb se a kemi qasje. \u00c7far\u00eb \u00ebsht\u00eb evidente nga raporti dhe nga \u00e7ka u pa n\u00eb media, \u00ebsht\u00eb pak problematike q\u00eb t\u00eb kemi qasje n\u00eb zyrat tona\u201d, tha ai.<\/p>\n","protected":false},"excerpt":{"rendered":"<p>PRISHTIN\u00cb &#8211; Kryetari i Komisionit Qendror t\u00eb Zgjedhjeve, Kreshnik Radoniqi, tha se incidentet n\u00eb veri m\u00eb 6 dhjetor, d\u00ebshmuan se qasja e KQZ-s\u00eb \u00ebsht\u00eb e kufizuar n\u00eb k\u00ebt\u00eb pjes\u00eb t\u00eb vendit. N\u00eb Zubin Potok dhe Mitrovic\u00eb t\u00eb Veriut, Policia e Kosov\u00ebs konfirmoi se ka pasur \u201cshp\u00ebrthime dhe shkrepje arm\u00ebsh\u201d. Zyrtar\u00ebt komunal\u00eb zgjedhor\u00eb, q\u00eb ishin n\u00ebn [&hellip;]<\/p>\n","protected":false},"author":1,"featured_media":65756,"comment_status":"open","ping_status":"open","sticky":false,"template":"","format":"standard","meta":{"footnotes":""},"categories":[1],"tags":[48,3448,6167,1385],"class_list":["post-65755","post","type-post","status-publish","format-standard","has-post-thumbnail","hentry","category-lajme","tag-kosove","tag-kqz","tag-kreshnik-radoniqi","tag-veriu"],"_links":{"self":[{"href":"https:\/\/prizrenpost.com\/al\/wp-json\/wp\/v2\/posts\/65755","targetHints":{"allow":["GET"]}}],"collection":[{"href":"https:\/\/prizrenpost.com\/al\/wp-json\/wp\/v2\/posts"}],"about":[{"href":"https:\/\/prizrenpost.com\/al\/wp-json\/wp\/v2\/types\/post"}],"author":[{"embeddable":true,"href":"https:\/\/prizrenpost.com\/al\/wp-json\/wp\/v2\/users\/1"}],"replies":[{"embeddable":true,"href":"https:\/\/prizrenpost.com\/al\/wp-json\/wp\/v2\/comments?post=65755"}],"version-history":[{"count":1,"href":"https:\/\/prizrenpost.com\/al\/wp-json\/wp\/v2\/posts\/65755\/revisions"}],"predecessor-version":[{"id":65757,"href":"https:\/\/prizrenpost.com\/al\/wp-json\/wp\/v2\/posts\/65755\/revisions\/65757"}],"wp:featuredmedia":[{"embeddable":true,"href":"https:\/\/prizrenpost.com\/al\/wp-json\/wp\/v2\/media\/65756"}],"wp:attachment":[{"href":"https:\/\/prizrenpost.com\/al\/wp-json\/wp\/v2\/media?parent=65755"}],"wp:term":[{"taxonomy":"category","embeddable":true,"href":"https:\/\/prizrenpost.com\/al\/wp-json\/wp\/v2\/categories?post=65755"},{"taxonomy":"post_tag","embeddable":true,"href":"https:\/\/prizrenpost.com\/al\/wp-json\/wp\/v2\/tags?post=65755"}],"curies":[{"name":"wp","href":"https:\/\/api.w.org\/{rel}","templated":true}]}}