{"id":65792,"date":"2022-12-13T12:15:44","date_gmt":"2022-12-13T11:15:44","guid":{"rendered":"https:\/\/prizrenpost.com\/al\/?p=65792"},"modified":"2022-12-13T12:15:44","modified_gmt":"2022-12-13T11:15:44","slug":"hapet-festivali-nderkombetar-i-posterit-prishtina","status":"publish","type":"post","link":"https:\/\/prizrenpost.com\/al\/hapet-festivali-nderkombetar-i-posterit-prishtina\/","title":{"rendered":"Hapet Festivali Nd\u00ebrkomb\u00ebtar i Posterit &#8220;Prishtina&#8221;"},"content":{"rendered":"<p><img decoding=\"async\" src=\"https:\/\/prizrenpost.com\/al\/wp-content\/uploads\/2022\/12\/muzeu-i-kosoves.jpeg\" alt=\"\" width=\"100%\" height=\"\" class=\"alignnone size-full wp-image-65793\" srcset=\"https:\/\/prizrenpost.com\/al\/wp-content\/uploads\/2022\/12\/muzeu-i-kosoves.jpeg 728w, https:\/\/prizrenpost.com\/al\/wp-content\/uploads\/2022\/12\/muzeu-i-kosoves-300x177.jpeg 300w\" sizes=\"(max-width: 728px) 100vw, 728px\" \/><\/p>\n<p><strong>PRISHTIN\u00cb &#8211; N\u00eb Lapidariumin e Muzeut t\u00eb Kosov\u00ebs, \u00ebsht\u00eb hapur edicioni i dyt\u00eb i Festivalit Nd\u00ebrkomb\u00ebtar i Posterit \u201cPrishtina\u201d.<\/strong><\/p>\n<p>Artist\u00eb t\u00eb huaj dhe vendor\u00eb kan\u00eb prezantuar poster\u00ebt e tyre me mesazhe interesante nga vendet prej nga vijn\u00eb.<\/p>\n<p>M\u00eb nj\u00eb poster, \u00ebsht\u00eb prezantuar edhe artisti nga Maqedonia e Veriut, Dragan Bozhino.<\/p>\n<p>\u201cUn\u00eb vij p\u00ebr her\u00eb t\u00eb par\u00eb k\u00ebtu n\u00eb Kosov\u00eb me k\u00ebt\u00eb poster timin. N\u00eb nj\u00ebr\u00ebn \u00ebsht\u00eb paraqitur harta e Maqedonis\u00eb n\u00eb kafk\u00ebn e njeriut, ku jan\u00eb t\u00eb prezantuara qytetet e vendit tim, dhe n\u00eb posterin tjet\u00ebr thuhet se jeta \u00ebsht\u00eb nj\u00eb film, nd\u00ebrsa vdekja \u00ebsht\u00eb fotografi\u201d, u shpreh Bozhino.<\/p>\n<p>Nd\u00ebrkaq, drejtori i k\u00ebtij festivali, Rrezeart Galica, thot\u00eb se ky edicion \u00ebsht\u00eb i r\u00ebnd\u00ebsish\u00ebm p\u00ebr artdash\u00ebsit.<\/p>\n<p>\u201cKy festival po sh\u00ebnon festivalin e dyt\u00eb, dhe n\u00eb k\u00ebt\u00eb edicion kan\u00eb marr\u00eb pjes\u00eb diku 32 shtete, prej tyre 666 poster\u00eb aplikant\u00eb, prej tyre nj\u00eb juri nd\u00ebrkomb\u00ebtare jan\u00eb zgjedhur 242 poster\u00eb p\u00ebr t\u2019u ekspozuar ne k\u00ebt\u00eb festival\u201d, deklaroi Rrezeart Galica.<\/p>\n","protected":false},"excerpt":{"rendered":"<p>PRISHTIN\u00cb &#8211; N\u00eb Lapidariumin e Muzeut t\u00eb Kosov\u00ebs, \u00ebsht\u00eb hapur edicioni i dyt\u00eb i Festivalit Nd\u00ebrkomb\u00ebtar i Posterit \u201cPrishtina\u201d. Artist\u00eb t\u00eb huaj dhe vendor\u00eb kan\u00eb prezantuar poster\u00ebt e tyre me mesazhe interesante nga vendet prej nga vijn\u00eb. M\u00eb nj\u00eb poster, \u00ebsht\u00eb prezantuar edhe artisti nga Maqedonia e Veriut, Dragan Bozhino. \u201cUn\u00eb vij p\u00ebr her\u00eb t\u00eb [&hellip;]<\/p>\n","protected":false},"author":1,"featured_media":65793,"comment_status":"open","ping_status":"open","sticky":false,"template":"","format":"standard","meta":{"footnotes":""},"categories":[4],"tags":[6171,4468],"class_list":["post-65792","post","type-post","status-publish","format-standard","has-post-thumbnail","hentry","category-kulture","tag-festivali-nderkombetar-i-posterit-prishtina","tag-muzeu-i-kosoves"],"_links":{"self":[{"href":"https:\/\/prizrenpost.com\/al\/wp-json\/wp\/v2\/posts\/65792","targetHints":{"allow":["GET"]}}],"collection":[{"href":"https:\/\/prizrenpost.com\/al\/wp-json\/wp\/v2\/posts"}],"about":[{"href":"https:\/\/prizrenpost.com\/al\/wp-json\/wp\/v2\/types\/post"}],"author":[{"embeddable":true,"href":"https:\/\/prizrenpost.com\/al\/wp-json\/wp\/v2\/users\/1"}],"replies":[{"embeddable":true,"href":"https:\/\/prizrenpost.com\/al\/wp-json\/wp\/v2\/comments?post=65792"}],"version-history":[{"count":1,"href":"https:\/\/prizrenpost.com\/al\/wp-json\/wp\/v2\/posts\/65792\/revisions"}],"predecessor-version":[{"id":65794,"href":"https:\/\/prizrenpost.com\/al\/wp-json\/wp\/v2\/posts\/65792\/revisions\/65794"}],"wp:featuredmedia":[{"embeddable":true,"href":"https:\/\/prizrenpost.com\/al\/wp-json\/wp\/v2\/media\/65793"}],"wp:attachment":[{"href":"https:\/\/prizrenpost.com\/al\/wp-json\/wp\/v2\/media?parent=65792"}],"wp:term":[{"taxonomy":"category","embeddable":true,"href":"https:\/\/prizrenpost.com\/al\/wp-json\/wp\/v2\/categories?post=65792"},{"taxonomy":"post_tag","embeddable":true,"href":"https:\/\/prizrenpost.com\/al\/wp-json\/wp\/v2\/tags?post=65792"}],"curies":[{"name":"wp","href":"https:\/\/api.w.org\/{rel}","templated":true}]}}