{"id":65804,"date":"2022-12-13T19:09:48","date_gmt":"2022-12-13T18:09:48","guid":{"rendered":"https:\/\/prizrenpost.com\/al\/?p=65804"},"modified":"2022-12-13T19:10:45","modified_gmt":"2022-12-13T18:10:45","slug":"nder-vite-vendosja-dhe-largimi-i-barrikadave-ne-veri","status":"publish","type":"post","link":"https:\/\/prizrenpost.com\/al\/nder-vite-vendosja-dhe-largimi-i-barrikadave-ne-veri\/","title":{"rendered":"Nd\u00ebr vite vendosja dhe largimi i barrikadave n\u00eb veri!"},"content":{"rendered":"<p><img decoding=\"async\" src=\"https:\/\/prizrenpost.com\/al\/wp-content\/uploads\/2022\/12\/Barrikadat.png\" alt=\"\" width=\"100%\" height=\"\" class=\"alignnone size-full wp-image-65805\" srcset=\"https:\/\/prizrenpost.com\/al\/wp-content\/uploads\/2022\/12\/Barrikadat.png 1667w, https:\/\/prizrenpost.com\/al\/wp-content\/uploads\/2022\/12\/Barrikadat-150x300.png 150w, https:\/\/prizrenpost.com\/al\/wp-content\/uploads\/2022\/12\/Barrikadat-512x1024.png 512w, https:\/\/prizrenpost.com\/al\/wp-content\/uploads\/2022\/12\/Barrikadat-768x1536.png 768w, https:\/\/prizrenpost.com\/al\/wp-content\/uploads\/2022\/12\/Barrikadat-1024x2048.png 1024w\" sizes=\"(max-width: 1667px) 100vw, 1667px\" \/><\/p>\n<p>Q\u00eb nga shpallja e pavar\u00ebsis\u00eb s\u00eb Kosov\u00ebs n\u00eb vitin 2008, grupe t\u00eb serb\u00ebve n\u00eb veri t\u00eb vendit kan\u00eb ngritur disa her\u00eb barrikada p\u00ebr t\u00eb kund\u00ebrshtuar aksione policore dhe vendime t\u00eb Qeveris\u00eb s\u00eb Kosov\u00ebs.<\/p>\n","protected":false},"excerpt":{"rendered":"<p>Q\u00eb nga shpallja e pavar\u00ebsis\u00eb s\u00eb Kosov\u00ebs n\u00eb vitin 2008, grupe t\u00eb serb\u00ebve n\u00eb veri t\u00eb vendit kan\u00eb ngritur disa her\u00eb barrikada p\u00ebr t\u00eb kund\u00ebrshtuar aksione policore dhe vendime t\u00eb Qeveris\u00eb s\u00eb Kosov\u00ebs.<\/p>\n","protected":false},"author":1,"featured_media":65805,"comment_status":"open","ping_status":"open","sticky":false,"template":"","format":"standard","meta":{"footnotes":""},"categories":[6017],"tags":[6172,6018,48,1158,1385],"class_list":["post-65804","post","type-post","status-publish","format-standard","has-post-thumbnail","hentry","category-infografike","tag-barrikadat","tag-infografike","tag-kosove","tag-serbet","tag-veriu"],"_links":{"self":[{"href":"https:\/\/prizrenpost.com\/al\/wp-json\/wp\/v2\/posts\/65804","targetHints":{"allow":["GET"]}}],"collection":[{"href":"https:\/\/prizrenpost.com\/al\/wp-json\/wp\/v2\/posts"}],"about":[{"href":"https:\/\/prizrenpost.com\/al\/wp-json\/wp\/v2\/types\/post"}],"author":[{"embeddable":true,"href":"https:\/\/prizrenpost.com\/al\/wp-json\/wp\/v2\/users\/1"}],"replies":[{"embeddable":true,"href":"https:\/\/prizrenpost.com\/al\/wp-json\/wp\/v2\/comments?post=65804"}],"version-history":[{"count":2,"href":"https:\/\/prizrenpost.com\/al\/wp-json\/wp\/v2\/posts\/65804\/revisions"}],"predecessor-version":[{"id":65807,"href":"https:\/\/prizrenpost.com\/al\/wp-json\/wp\/v2\/posts\/65804\/revisions\/65807"}],"wp:featuredmedia":[{"embeddable":true,"href":"https:\/\/prizrenpost.com\/al\/wp-json\/wp\/v2\/media\/65805"}],"wp:attachment":[{"href":"https:\/\/prizrenpost.com\/al\/wp-json\/wp\/v2\/media?parent=65804"}],"wp:term":[{"taxonomy":"category","embeddable":true,"href":"https:\/\/prizrenpost.com\/al\/wp-json\/wp\/v2\/categories?post=65804"},{"taxonomy":"post_tag","embeddable":true,"href":"https:\/\/prizrenpost.com\/al\/wp-json\/wp\/v2\/tags?post=65804"}],"curies":[{"name":"wp","href":"https:\/\/api.w.org\/{rel}","templated":true}]}}