{"id":65837,"date":"2022-12-16T06:56:40","date_gmt":"2022-12-16T05:56:40","guid":{"rendered":"https:\/\/prizrenpost.com\/al\/?p=65837"},"modified":"2022-12-16T06:56:40","modified_gmt":"2022-12-16T05:56:40","slug":"kurti-ne-pritje-te-kfor-it-per-heqjen-e-barrikadave","status":"publish","type":"post","link":"https:\/\/prizrenpost.com\/al\/kurti-ne-pritje-te-kfor-it-per-heqjen-e-barrikadave\/","title":{"rendered":"Kurti n\u00eb pritje t\u00eb KFOR-it p\u00ebr heqjen e barrikadave"},"content":{"rendered":"<p><img decoding=\"async\" src=\"https:\/\/prizrenpost.com\/al\/wp-content\/uploads\/2022\/12\/kurti.webp\" alt=\"\" width=\"100%\" height=\"\" class=\"alignnone size-full wp-image-65838\" srcset=\"https:\/\/prizrenpost.com\/al\/wp-content\/uploads\/2022\/12\/kurti.webp 1023w, https:\/\/prizrenpost.com\/al\/wp-content\/uploads\/2022\/12\/kurti-300x169.webp 300w, https:\/\/prizrenpost.com\/al\/wp-content\/uploads\/2022\/12\/kurti-768x432.webp 768w\" sizes=\"(max-width: 1023px) 100vw, 1023px\" \/><\/p>\n<p><strong>PRISHTIN\u00cb &#8211; Kryeministri i Kosov\u00ebs, Albin Kurti, ka th\u00ebn\u00eb t\u00eb enjten se \u00ebsht\u00eb ende n\u00eb pritje t\u00eb KFOR-it p\u00ebr heqjen e barrikadave n\u00eb veri t\u00eb Kosov\u00ebs.<\/strong><\/p>\n<p>\u201cM\u00eb s\u00eb miri do t\u00eb ishte q\u00eb t\u00eb hiqen nga ata q\u00eb i kan\u00eb vendosur, mir\u00ebpo ata q\u00eb i kan\u00eb vendosur ato barrikada jan\u00eb vendosur edhe vet\u00eb n\u00eb barrikada, madje me armatim. Nuk jan\u00eb k\u00ebto barrikada civile dhe, n\u00eb an\u00ebn tjet\u00ebr, ne kemi dh\u00ebn\u00eb koh\u00ebn e k\u00ebrkuar prej KFOR-it q\u00eb ata ta b\u00ebjn\u00eb heqjen e k\u00ebtyre barrikadave, dhe ministri yn\u00eb i Pun\u00ebve t\u00eb Brendshme po pret\u201d, ka th\u00ebn\u00eb Kurti n\u00eb nj\u00eb intervist\u00eb p\u00ebr televizionin lokal n\u00eb Kosov\u00eb, ATV.<\/p>\n<p>Ai ka th\u00ebn\u00eb se barrikadat n\u00eb veri t\u00eb Kosov\u00ebs nuk mund t\u00eb q\u00ebndrojn\u00eb aty, \u201cjo vet\u00ebm pse shkelin ligjin dhe l\u00ebvizjen e lir\u00eb, por n\u00eb t\u00eb nj\u00ebjt\u00ebn koh\u00eb edhe p\u00ebr shkak se vet\u00eb qytetar\u00ebt serb\u00eb jan\u00eb m\u00eb t\u00eb bllokuarit\u201d.<\/p>\n<p>I d\u00ebrguari i Shteteve t\u00eb Bashkuara p\u00ebr Ballkanin Per\u00ebndimor, Gabriel Escobar, n\u00eb nj\u00eb intervist\u00eb p\u00ebr Radion Evropa e Lir\u00eb, m\u00eb 13 dhjetor, tha se pret q\u00eb barrikadat e ngritura n\u00eb veri t\u00eb Kosov\u00ebs, t\u00eb hiqen nga personat q\u00eb i kan\u00eb krijuar ato.<\/p>\n","protected":false},"excerpt":{"rendered":"<p>PRISHTIN\u00cb &#8211; Kryeministri i Kosov\u00ebs, Albin Kurti, ka th\u00ebn\u00eb t\u00eb enjten se \u00ebsht\u00eb ende n\u00eb pritje t\u00eb KFOR-it p\u00ebr heqjen e barrikadave n\u00eb veri t\u00eb Kosov\u00ebs. \u201cM\u00eb s\u00eb miri do t\u00eb ishte q\u00eb t\u00eb hiqen nga ata q\u00eb i kan\u00eb vendosur, mir\u00ebpo ata q\u00eb i kan\u00eb vendosur ato barrikada jan\u00eb vendosur edhe vet\u00eb n\u00eb barrikada, [&hellip;]<\/p>\n","protected":false},"author":1,"featured_media":65838,"comment_status":"open","ping_status":"open","sticky":false,"template":"","format":"standard","meta":{"footnotes":""},"categories":[14],"tags":[3803,877,6172,1428,287,1385],"class_list":["post-65837","post","type-post","status-publish","format-standard","has-post-thumbnail","hentry","category-kombetare","tag-aktuale","tag-albin-kurti","tag-barrikadat","tag-kfor","tag-kosova","tag-veriu"],"_links":{"self":[{"href":"https:\/\/prizrenpost.com\/al\/wp-json\/wp\/v2\/posts\/65837","targetHints":{"allow":["GET"]}}],"collection":[{"href":"https:\/\/prizrenpost.com\/al\/wp-json\/wp\/v2\/posts"}],"about":[{"href":"https:\/\/prizrenpost.com\/al\/wp-json\/wp\/v2\/types\/post"}],"author":[{"embeddable":true,"href":"https:\/\/prizrenpost.com\/al\/wp-json\/wp\/v2\/users\/1"}],"replies":[{"embeddable":true,"href":"https:\/\/prizrenpost.com\/al\/wp-json\/wp\/v2\/comments?post=65837"}],"version-history":[{"count":1,"href":"https:\/\/prizrenpost.com\/al\/wp-json\/wp\/v2\/posts\/65837\/revisions"}],"predecessor-version":[{"id":65839,"href":"https:\/\/prizrenpost.com\/al\/wp-json\/wp\/v2\/posts\/65837\/revisions\/65839"}],"wp:featuredmedia":[{"embeddable":true,"href":"https:\/\/prizrenpost.com\/al\/wp-json\/wp\/v2\/media\/65838"}],"wp:attachment":[{"href":"https:\/\/prizrenpost.com\/al\/wp-json\/wp\/v2\/media?parent=65837"}],"wp:term":[{"taxonomy":"category","embeddable":true,"href":"https:\/\/prizrenpost.com\/al\/wp-json\/wp\/v2\/categories?post=65837"},{"taxonomy":"post_tag","embeddable":true,"href":"https:\/\/prizrenpost.com\/al\/wp-json\/wp\/v2\/tags?post=65837"}],"curies":[{"name":"wp","href":"https:\/\/api.w.org\/{rel}","templated":true}]}}