{"id":65850,"date":"2022-12-17T07:52:57","date_gmt":"2022-12-17T06:52:57","guid":{"rendered":"https:\/\/prizrenpost.com\/al\/?p=65850"},"modified":"2023-01-31T14:00:59","modified_gmt":"2023-01-31T13:00:59","slug":"i-gjithe-menaxhmenti-ne-shendetesi-ne-duart-e-ushtruesve-te-detyres","status":"publish","type":"post","link":"https:\/\/prizrenpost.com\/al\/i-gjithe-menaxhmenti-ne-shendetesi-ne-duart-e-ushtruesve-te-detyres\/","title":{"rendered":"I gjith\u00eb menaxhmenti n\u00eb sh\u00ebndet\u00ebsi n\u00eb duart e ushtruesve t\u00eb detyr\u00ebs!"},"content":{"rendered":"<p><img decoding=\"async\" src=\"https:\/\/prizrenpost.com\/al\/wp-content\/uploads\/2021\/10\/ministria-e-shendetesise.jpeg\" alt=\"\" width=\"100%\" height=\"\" class=\"alignnone size-full wp-image-64056\" srcset=\"https:\/\/prizrenpost.com\/al\/wp-content\/uploads\/2021\/10\/ministria-e-shendetesise.jpeg 960w, https:\/\/prizrenpost.com\/al\/wp-content\/uploads\/2021\/10\/ministria-e-shendetesise-300x172.jpeg 300w, https:\/\/prizrenpost.com\/al\/wp-content\/uploads\/2021\/10\/ministria-e-shendetesise-768x440.jpeg 768w\" sizes=\"(max-width: 960px) 100vw, 960px\" \/><\/p>\n<p><b>PRISHTIN\u00cb &#8211; Jan\u00eb b\u00ebr\u00eb rrafsh 70 dit\u00eb  q\u00eb dikasteri i sh\u00ebndet\u00ebsis\u00eb \u00ebsht\u00eb pa minist\u00ebr.<\/b><\/p>\n<p>Drejtimin e k\u00ebsaj ministrie nga 7 tetori e ka Dafina Gexha-Bunjaku si ushtruese e detyr\u00ebs, pas dor\u00ebheqjes s\u00eb Rifat Latifit.<\/p>\n<p>P\u00ebr deputetin opozitar dhe ish-ministrin e Sh\u00ebndet\u00ebsis\u00eb Armend Zemaj, kjo situat\u00eb po konsiderohet si pap\u00ebrgjegj\u00ebsi politike, njofton Klan Kosova.<\/p>\n<p>Gjendja n\u00eb k\u00ebt\u00eb sektor sipas tij \u00ebsht\u00eb degraduar edhe m\u00eb shum\u00eb p\u00ebrkund\u00ebr problemeve t\u00eb shumta q\u00eb i ka pasur kjo l\u00ebmi.<\/p>\n<p>Mir\u00ebpo edhe nj\u00eb institucion tjet\u00ebr vart\u00ebs po kaq i r\u00ebnd\u00ebsish\u00ebm, ShSKUK-ja udh\u00ebhiqet  me ushtruese t\u00eb detyr\u00ebs tash e kat\u00ebr muaj.<\/p>\n<p>Madje nuk dihet se kur bordi do ta shpall\u00eb konkursin p\u00ebr k\u00ebt\u00eb pozit\u00eb zyrtare. Lidhur me k\u00ebt\u00eb televizioni nuk ka marr\u00eb p\u00ebrgjigje tash e sa jav\u00eb.<\/p>\n<p>Ve\u00e7se n\u00eb koh\u00ebn kur Valbon Krasniqi ishte zgjedhur drejtor me mandat trevje\u00e7ar, procedurat e rekrutimit  kishin zgjatur tre muaj.<\/p>\n<p>Deputeti Zemaj thekson se n\u00eb k\u00ebt\u00eb sektor nuk ka dialog t\u00eb mir\u00ebfillt\u00eb dhe se ka kaos institucional, derisa p\u00ebr ta mbuluar k\u00ebt\u00eb ai ri-kujton se p\u00ebr k\u00ebt\u00eb q\u00ebllim ishte formuar edhe Komision Ekzekutiv i Sh\u00ebndet\u00ebsis\u00eb por pa asnj\u00eb rezultat deri m\u00eb tani.<\/p>\n<p>Edhe Fondi i Sigurimeve Sh\u00ebndet\u00ebsore, Inspektorati, Agjencia p\u00ebr Produkte dhe Pajisje Mjek\u00ebsore n\u00eb udh\u00ebheqje kan\u00eb ushtrues detyre.<\/p>\n","protected":false},"excerpt":{"rendered":"<p>PRISHTIN\u00cb &#8211; Jan\u00eb b\u00ebr\u00eb rrafsh 70 dit\u00eb q\u00eb dikasteri i sh\u00ebndet\u00ebsis\u00eb \u00ebsht\u00eb pa minist\u00ebr. Drejtimin e k\u00ebsaj ministrie nga 7 tetori e ka Dafina Gexha-Bunjaku si ushtruese e detyr\u00ebs, pas dor\u00ebheqjes s\u00eb Rifat Latifit. P\u00ebr deputetin opozitar dhe ish-ministrin e Sh\u00ebndet\u00ebsis\u00eb Armend Zemaj, kjo situat\u00eb po konsiderohet si pap\u00ebrgjegj\u00ebsi politike, njofton Klan Kosova. Gjendja n\u00eb [&hellip;]<\/p>\n","protected":false},"author":1,"featured_media":64056,"comment_status":"open","ping_status":"open","sticky":false,"template":"","format":"standard","meta":{"footnotes":""},"categories":[5],"tags":[48,1208],"class_list":["post-65850","post","type-post","status-publish","format-standard","has-post-thumbnail","hentry","category-shendetesi","tag-kosove","tag-ministria-e-shendetesise"],"_links":{"self":[{"href":"https:\/\/prizrenpost.com\/al\/wp-json\/wp\/v2\/posts\/65850","targetHints":{"allow":["GET"]}}],"collection":[{"href":"https:\/\/prizrenpost.com\/al\/wp-json\/wp\/v2\/posts"}],"about":[{"href":"https:\/\/prizrenpost.com\/al\/wp-json\/wp\/v2\/types\/post"}],"author":[{"embeddable":true,"href":"https:\/\/prizrenpost.com\/al\/wp-json\/wp\/v2\/users\/1"}],"replies":[{"embeddable":true,"href":"https:\/\/prizrenpost.com\/al\/wp-json\/wp\/v2\/comments?post=65850"}],"version-history":[{"count":2,"href":"https:\/\/prizrenpost.com\/al\/wp-json\/wp\/v2\/posts\/65850\/revisions"}],"predecessor-version":[{"id":80731,"href":"https:\/\/prizrenpost.com\/al\/wp-json\/wp\/v2\/posts\/65850\/revisions\/80731"}],"wp:featuredmedia":[{"embeddable":true,"href":"https:\/\/prizrenpost.com\/al\/wp-json\/wp\/v2\/media\/64056"}],"wp:attachment":[{"href":"https:\/\/prizrenpost.com\/al\/wp-json\/wp\/v2\/media?parent=65850"}],"wp:term":[{"taxonomy":"category","embeddable":true,"href":"https:\/\/prizrenpost.com\/al\/wp-json\/wp\/v2\/categories?post=65850"},{"taxonomy":"post_tag","embeddable":true,"href":"https:\/\/prizrenpost.com\/al\/wp-json\/wp\/v2\/tags?post=65850"}],"curies":[{"name":"wp","href":"https:\/\/api.w.org\/{rel}","templated":true}]}}