{"id":65853,"date":"2022-12-17T15:56:18","date_gmt":"2022-12-17T14:56:18","guid":{"rendered":"https:\/\/prizrenpost.com\/al\/?p=65853"},"modified":"2022-12-17T15:56:18","modified_gmt":"2022-12-17T14:56:18","slug":"svecla-i-kemi-te-gjitha-kapacitetet-per-ti-larguar-barrikadat","status":"publish","type":"post","link":"https:\/\/prizrenpost.com\/al\/svecla-i-kemi-te-gjitha-kapacitetet-per-ti-larguar-barrikadat\/","title":{"rendered":"Sve\u00e7la: I kemi t\u00eb gjitha kapacitetet p\u00ebr t\u2019i larguar barrikadat"},"content":{"rendered":"<p><img decoding=\"async\" src=\"https:\/\/prizrenpost.com\/al\/wp-content\/uploads\/2022\/12\/BFA6199B-95E8-446F-9E11-BCDD26D66038.png\" alt=\"\" width=\"100%\" height=\"\" class=\"alignnone size-full wp-image-65854\" srcset=\"https:\/\/prizrenpost.com\/al\/wp-content\/uploads\/2022\/12\/BFA6199B-95E8-446F-9E11-BCDD26D66038.png 950w, https:\/\/prizrenpost.com\/al\/wp-content\/uploads\/2022\/12\/BFA6199B-95E8-446F-9E11-BCDD26D66038-300x163.png 300w, https:\/\/prizrenpost.com\/al\/wp-content\/uploads\/2022\/12\/BFA6199B-95E8-446F-9E11-BCDD26D66038-768x416.png 768w\" sizes=\"(max-width: 950px) 100vw, 950px\" \/><\/p>\n<p><strong>PRISHTIN\u00cb &#8211; Ministri i Pun\u00ebve t\u00eb Brendshme, Xhelal Sve\u00e7la, ka th\u00ebn\u00eb se institucionet e Republik\u00eb s\u00eb Kosov\u00ebs  i kan\u00eb t\u00eb gjitha kapacitetet p\u00ebr t\u00eb larguar barrikadat n\u00eb veri, dhe se n\u00eb koordinim me partner\u00ebt nd\u00ebrkomb\u00ebtar\u00eb jan\u00eb duke vler\u00ebsuar situat\u00ebn p\u00ebr reagim adekuat.<\/strong><\/p>\n<p>\u201c\u00c7do \u00e7ast i kaluar n\u00ebn bllokim t\u00eb barrikadave t\u00eb ngritura nga grupe t\u00eb armatosura e kriminale \u00ebsht\u00eb i tep\u00ebrt. Institucionet e Republik\u00ebs s\u00eb Kosov\u00ebs i kan\u00eb t\u00eb gjitha kapacitetet p\u00ebr ti larguar barrikadat dhe n\u00eb koordinim me partner\u00ebt tan\u00eb nd\u00ebrkomb\u00ebtar jan\u00eb duke vler\u00ebsuar situat\u00ebn p\u00ebr reagim adekuat\u201d, ka shkruar Sve\u00e7la n\u00eb Facebook.<\/p>\n<p>\u201cVeriu i vendit ton\u00eb, si \u00e7do cep i Republik\u00ebs son\u00eb duhet t\u00eb kthehet sa m\u00eb shpejt\u00eb n\u00eb normalitet\u201d, shtoi ai.<\/p>\n<p>Sve\u00e7la shp\u00ebrndau fotografi t\u00eb pjes\u00ebtar\u00ebve t\u00eb policis\u00eb n\u00eb nj\u00eb lokal n\u00eb Prishtin\u00eb, p\u00ebr t\u00eb cilin tha se si shum\u00eb biznese e familje bujare, dje ka p\u00ebrgatitur ushqim p\u00ebr zyrtar\u00ebt tan\u00eb policor q\u00eb po angazhohen n\u00eb veri, n\u00eb mbrojtje t\u00eb vendit ton\u00eb.<\/p>\n<p>\u201cDark\u00ebn e kaluam s\u00eb bashku me zyrtar\u00ebt policor n\u00eb B\u00ebrnjak t\u00eb cil\u00ebt, si gjith\u00eb t\u00eb tjer\u00ebt, me moral t\u00eb lart\u00eb e me p\u00ebrkushtim po punojn\u00eb sipas misionit t\u00eb tyre n\u00eb ofrimin e siguris\u00eb e n\u00eb mbrojtjen e sovranitetit e integritetit territorial t\u00eb vendit ton\u00eb\u201d.<\/p>\n<p>\u201cNd\u00ebrsa, nga qytetar\u00ebt e k\u00ebsaj zone q\u00eb jan\u00eb bllokuar nga barrikadat tash e nj\u00eb jav\u00eb po k\u00ebrkohet me ngulm heqja e barrikadave dhe vazhdimi i jetes\u00ebs dhe zhvillimit pa pengesa\u201d, u shpreh ministri.<\/p>\n","protected":false},"excerpt":{"rendered":"<p>PRISHTIN\u00cb &#8211; Ministri i Pun\u00ebve t\u00eb Brendshme, Xhelal Sve\u00e7la, ka th\u00ebn\u00eb se institucionet e Republik\u00eb s\u00eb Kosov\u00ebs i kan\u00eb t\u00eb gjitha kapacitetet p\u00ebr t\u00eb larguar barrikadat n\u00eb veri, dhe se n\u00eb koordinim me partner\u00ebt nd\u00ebrkomb\u00ebtar\u00eb jan\u00eb duke vler\u00ebsuar situat\u00ebn p\u00ebr reagim adekuat. \u201c\u00c7do \u00e7ast i kaluar n\u00ebn bllokim t\u00eb barrikadave t\u00eb ngritura nga grupe t\u00eb [&hellip;]<\/p>\n","protected":false},"author":1,"featured_media":65854,"comment_status":"open","ping_status":"open","sticky":false,"template":"","format":"standard","meta":{"footnotes":""},"categories":[14],"tags":[3803,6172,48,1385,4758],"class_list":["post-65853","post","type-post","status-publish","format-standard","has-post-thumbnail","hentry","category-kombetare","tag-aktuale","tag-barrikadat","tag-kosove","tag-veriu","tag-xhelal-svecla"],"_links":{"self":[{"href":"https:\/\/prizrenpost.com\/al\/wp-json\/wp\/v2\/posts\/65853","targetHints":{"allow":["GET"]}}],"collection":[{"href":"https:\/\/prizrenpost.com\/al\/wp-json\/wp\/v2\/posts"}],"about":[{"href":"https:\/\/prizrenpost.com\/al\/wp-json\/wp\/v2\/types\/post"}],"author":[{"embeddable":true,"href":"https:\/\/prizrenpost.com\/al\/wp-json\/wp\/v2\/users\/1"}],"replies":[{"embeddable":true,"href":"https:\/\/prizrenpost.com\/al\/wp-json\/wp\/v2\/comments?post=65853"}],"version-history":[{"count":1,"href":"https:\/\/prizrenpost.com\/al\/wp-json\/wp\/v2\/posts\/65853\/revisions"}],"predecessor-version":[{"id":65855,"href":"https:\/\/prizrenpost.com\/al\/wp-json\/wp\/v2\/posts\/65853\/revisions\/65855"}],"wp:featuredmedia":[{"embeddable":true,"href":"https:\/\/prizrenpost.com\/al\/wp-json\/wp\/v2\/media\/65854"}],"wp:attachment":[{"href":"https:\/\/prizrenpost.com\/al\/wp-json\/wp\/v2\/media?parent=65853"}],"wp:term":[{"taxonomy":"category","embeddable":true,"href":"https:\/\/prizrenpost.com\/al\/wp-json\/wp\/v2\/categories?post=65853"},{"taxonomy":"post_tag","embeddable":true,"href":"https:\/\/prizrenpost.com\/al\/wp-json\/wp\/v2\/tags?post=65853"}],"curies":[{"name":"wp","href":"https:\/\/api.w.org\/{rel}","templated":true}]}}