{"id":65915,"date":"2022-12-27T09:36:45","date_gmt":"2022-12-27T08:36:45","guid":{"rendered":"https:\/\/prizrenpost.com\/al\/?p=65915"},"modified":"2022-12-27T09:36:45","modified_gmt":"2022-12-27T08:36:45","slug":"vuciq-urdheron-rritjen-e-gatishmerise-luftarake","status":"publish","type":"post","link":"https:\/\/prizrenpost.com\/al\/vuciq-urdheron-rritjen-e-gatishmerise-luftarake\/","title":{"rendered":"Vu\u00e7iq urdh\u00ebron rritjen e gatishm\u00ebris\u00eb luftarake"},"content":{"rendered":"<p><img decoding=\"async\" src=\"https:\/\/prizrenpost.com\/al\/wp-content\/uploads\/2022\/12\/vucic-1.webp\" alt=\"\" width=\"100%\" height=\"\" class=\"alignnone size-full wp-image-65916\" srcset=\"https:\/\/prizrenpost.com\/al\/wp-content\/uploads\/2022\/12\/vucic-1.webp 1023w, https:\/\/prizrenpost.com\/al\/wp-content\/uploads\/2022\/12\/vucic-1-300x169.webp 300w, https:\/\/prizrenpost.com\/al\/wp-content\/uploads\/2022\/12\/vucic-1-768x432.webp 768w\" sizes=\"(max-width: 1023px) 100vw, 1023px\" \/><\/p>\n<p><strong>BEOGRAD &#8211; Presidenti serb, i cili \u00ebsht\u00eb edhe komandant i p\u00ebrgjithsh\u00ebm i Forcave t\u00eb Armatosura t\u00eb Serbis\u00eb, Aleksandar Vu\u00e7iq, ka urdh\u00ebruar q\u00eb ushtria dhe t\u00eb gjitha nj\u00ebsit\u00eb ministris\u00eb s\u00eb Pun\u00ebve t\u00eb Brendshme t\u00eb jen\u00eb n\u00eb nivelin m\u00eb t\u00eb lart\u00eb t\u00eb gatishm\u00ebris\u00eb luftarake, transmeton Radio Televizioni i Serbis\u00eb.<\/strong><\/p>\n<p>Ministri serb i Mbrojtjes, Millosh Vu\u00e7eviq, tha mbr\u00ebmjen e 26 dhjetorit se Vu\u00e7iq ka urdh\u00ebruar q\u00eb \u201cForcat e Armatosura t\u00eb Serbis\u00eb t\u00eb jen\u00eb n\u00eb nivelin m\u00eb t\u00eb lart\u00eb t\u00eb gatishm\u00ebris\u00eb luftarake, gjegj\u00ebsisht gatishm\u00ebris\u00eb deri n\u00eb nivelin e p\u00ebrdorimit t\u00eb forc\u00ebs s\u00eb armatosur\u201d.<\/p>\n<p>Ai tha se rritja n\u00eb nivelin m\u00eb t\u00eb lart\u00eb t\u00eb veprimit nga ushtria serbe b\u00ebhet p\u00ebr t\u00eb \u201cmbrojtur integritetin territorial dhe sovranitetin e Serbis\u00eb dhe p\u00ebr mbrojtur t\u00eb gjith\u00eb qytetar\u00ebt e Serbis\u00eb, duke parandaluar terrorizmin dhe terrorin ndaj serb\u00ebve kudo q\u00eb jetojn\u00eb\u201d.<\/p>\n<p>\u201cNuk ka arsye p\u00ebr panik, por ka arsye p\u00ebr shqet\u00ebsim, sepse duket se Serbia \u00ebsht\u00eb e vetmja pal\u00eb e interesuar p\u00ebr t\u00eb biseduar, p\u00ebr marr\u00ebveshje politike, p\u00ebr t&#8217;u takuar qoft\u00eb edhe nj\u00eb mij\u00eb her\u00eb derisa t\u00eb gjendet ndonj\u00eb marr\u00ebveshje\u201d.<\/p>\n<p>\u201cPala tjet\u00ebr \u00ebsht\u00eb duke b\u00ebr\u00eb vazhdimisht l\u00ebvizje t\u00eb nj\u00ebanshme, ngrit\u00eb tensione dhe vazhdimisht \u00e7on n\u00eb p\u00ebrshkall\u00ebzim t\u00eb m\u00ebtejsh\u00ebm t\u00eb situat\u00ebs, q\u00eb p\u00ebr mendimin tim, ka nj\u00eb synim t\u00eb qart\u00eb p\u00ebr pastrim t\u00eb plot\u00eb etnik t\u00eb Kosov\u00ebs dhe Metohis\u00eb\u201d, tha Vu\u00e7eviq.<\/p>\n","protected":false},"excerpt":{"rendered":"<p>BEOGRAD &#8211; Presidenti serb, i cili \u00ebsht\u00eb edhe komandant i p\u00ebrgjithsh\u00ebm i Forcave t\u00eb Armatosura t\u00eb Serbis\u00eb, Aleksandar Vu\u00e7iq, ka urdh\u00ebruar q\u00eb ushtria dhe t\u00eb gjitha nj\u00ebsit\u00eb ministris\u00eb s\u00eb Pun\u00ebve t\u00eb Brendshme t\u00eb jen\u00eb n\u00eb nivelin m\u00eb t\u00eb lart\u00eb t\u00eb gatishm\u00ebris\u00eb luftarake, transmeton Radio Televizioni i Serbis\u00eb. Ministri serb i Mbrojtjes, Millosh Vu\u00e7eviq, tha mbr\u00ebmjen [&hellip;]<\/p>\n","protected":false},"author":1,"featured_media":65916,"comment_status":"open","ping_status":"open","sticky":false,"template":"","format":"standard","meta":{"footnotes":""},"categories":[15],"tags":[1159,287,799],"class_list":["post-65915","post","type-post","status-publish","format-standard","has-post-thumbnail","hentry","category-ballkan","tag-aleksandar-vucic","tag-kosova","tag-serbia"],"_links":{"self":[{"href":"https:\/\/prizrenpost.com\/al\/wp-json\/wp\/v2\/posts\/65915","targetHints":{"allow":["GET"]}}],"collection":[{"href":"https:\/\/prizrenpost.com\/al\/wp-json\/wp\/v2\/posts"}],"about":[{"href":"https:\/\/prizrenpost.com\/al\/wp-json\/wp\/v2\/types\/post"}],"author":[{"embeddable":true,"href":"https:\/\/prizrenpost.com\/al\/wp-json\/wp\/v2\/users\/1"}],"replies":[{"embeddable":true,"href":"https:\/\/prizrenpost.com\/al\/wp-json\/wp\/v2\/comments?post=65915"}],"version-history":[{"count":1,"href":"https:\/\/prizrenpost.com\/al\/wp-json\/wp\/v2\/posts\/65915\/revisions"}],"predecessor-version":[{"id":65917,"href":"https:\/\/prizrenpost.com\/al\/wp-json\/wp\/v2\/posts\/65915\/revisions\/65917"}],"wp:featuredmedia":[{"embeddable":true,"href":"https:\/\/prizrenpost.com\/al\/wp-json\/wp\/v2\/media\/65916"}],"wp:attachment":[{"href":"https:\/\/prizrenpost.com\/al\/wp-json\/wp\/v2\/media?parent=65915"}],"wp:term":[{"taxonomy":"category","embeddable":true,"href":"https:\/\/prizrenpost.com\/al\/wp-json\/wp\/v2\/categories?post=65915"},{"taxonomy":"post_tag","embeddable":true,"href":"https:\/\/prizrenpost.com\/al\/wp-json\/wp\/v2\/tags?post=65915"}],"curies":[{"name":"wp","href":"https:\/\/api.w.org\/{rel}","templated":true}]}}