{"id":65920,"date":"2022-12-28T12:57:15","date_gmt":"2022-12-28T11:57:15","guid":{"rendered":"https:\/\/prizrenpost.com\/al\/?p=65920"},"modified":"2022-12-28T12:57:15","modified_gmt":"2022-12-28T11:57:15","slug":"nuk-do-te-bisedojme-me-kriminelet-ne-veri-por-do-ti-arrestojme","status":"publish","type":"post","link":"https:\/\/prizrenpost.com\/al\/nuk-do-te-bisedojme-me-kriminelet-ne-veri-por-do-ti-arrestojme\/","title":{"rendered":"Nuk do t\u00eb bisedojm\u00eb me kriminel\u00ebt n\u00eb veri, por do t\u2019i arrestojm\u00eb"},"content":{"rendered":"<p><img decoding=\"async\" src=\"https:\/\/prizrenpost.com\/al\/wp-content\/uploads\/2022\/12\/kurti.webp\" alt=\"\" width=\"100%\" height=\"\" class=\"alignnone size-full wp-image-65838\" srcset=\"https:\/\/prizrenpost.com\/al\/wp-content\/uploads\/2022\/12\/kurti.webp 1023w, https:\/\/prizrenpost.com\/al\/wp-content\/uploads\/2022\/12\/kurti-300x169.webp 300w, https:\/\/prizrenpost.com\/al\/wp-content\/uploads\/2022\/12\/kurti-768x432.webp 768w\" sizes=\"(max-width: 1023px) 100vw, 1023px\" \/><\/p>\n<p><strong>PRISHTIN\u00cb &#8211; Kryeministri i Kosov\u00ebs, Albin Kurti, tha se autoritetet \u201cnuk do t\u00eb bisedojn\u00eb dhe bashk\u00ebpunojn\u00eb me kriminel\u00ebt\u201d n\u00eb veri, por do t\u2019i \u201carrestojn\u00eb ata\u201d.<\/strong><\/p>\n<p>Gjat\u00eb mbledhjes s\u00eb Qeveris\u00eb s\u00eb Kosov\u00ebs t\u00eb mbajtur m\u00eb 28 dhjetor, Kurti foli p\u00ebr barrikadat e ngritura n\u00eb veriun e banuar me shumic\u00eb serbe, duke argumentuar se ato po cenojn\u00eb integritetin territorial t\u00eb Kosov\u00ebs.<\/p>\n<p>\u201cFatkeq\u00ebsisht k\u00ebta kriminel\u00eb, t\u00eb sanksionuar edhe nga SHBA-ja dhe Britania e Madhe, po mb\u00ebshteten nga presidenti dhe Qeveria e Serbis\u00eb me q\u00ebllim destabilizimin e rajonit, p\u00ebrve\u00e7 cenimit t\u00eb integritetit territorial t\u00eb republik\u00ebs son\u00eb\u201d, tha Kurti.<\/p>\n<p>Kurti duket se iu referua n\u00ebnkryetarit t\u00eb List\u00ebs Serbe, Milan Radoi\u00e7iq, i cili \u00ebsht\u00eb n\u00ebn sanksione nga Uashingtoni dhe Londra, teksa Prishtina e k\u00ebrkon at\u00eb p\u00ebr dyshimet se ka frik\u00ebsuar d\u00ebshmitar\u00ebt n\u00eb rastin e njohur si Brezovica.<\/p>\n<p>Radoi\u00e7iq \u00ebsht\u00eb n\u00eb list\u00ebn e zez\u00eb amerikane p\u00ebr shkak t\u00eb dyshimeve p\u00ebr p\u00ebrfshirje n\u00eb krimin e organizuar nd\u00ebrkomb\u00ebtar, nd\u00ebrkaq \u00ebsht\u00eb n\u00ebn sanksione britanike p\u00ebr shkak t\u00eb dyshimeve p\u00ebr korrupsion.<\/p>\n<p>Lista Serbe \u2013 partia kryesore e serb\u00ebve n\u00eb Kosov\u00eb, q\u00eb ka mb\u00ebshtetjen e Beogradit \u2013 ka th\u00ebn\u00eb se Radoi\u00e7iq \u00ebsht\u00eb \u201cbart\u00ebs i rezistenc\u00ebs\u201d n\u00eb veri t\u00eb Kosov\u00ebs.<\/p>\n<p>Disa serb\u00eb lokal\u00eb q\u00eb nga 10 dhjetori kan\u00eb vendosur barrikada n\u00eb veri, duke bllokuar rrug\u00ebt q\u00eb \u00e7ojn\u00eb drejt pikave kufitare Jarinj\u00eb dhe B\u00ebrnjak, q\u00eb lidhin Kosov\u00ebn dhe Serbin\u00eb.<\/p>\n<p>Q\u00eb at\u00ebher\u00eb k\u00ebto dy pika jan\u00eb mbyllur p\u00ebr qarkullim, nd\u00ebrkaq nga 27 dhjetori \u00ebsht\u00eb mbyllur edhe pik\u00ebkalimi i Merdares, pas vendosjes s\u00eb barrikadave n\u00eb territorin e Serbis\u00eb.<\/p>\n","protected":false},"excerpt":{"rendered":"<p>PRISHTIN\u00cb &#8211; Kryeministri i Kosov\u00ebs, Albin Kurti, tha se autoritetet \u201cnuk do t\u00eb bisedojn\u00eb dhe bashk\u00ebpunojn\u00eb me kriminel\u00ebt\u201d n\u00eb veri, por do t\u2019i \u201carrestojn\u00eb ata\u201d. Gjat\u00eb mbledhjes s\u00eb Qeveris\u00eb s\u00eb Kosov\u00ebs t\u00eb mbajtur m\u00eb 28 dhjetor, Kurti foli p\u00ebr barrikadat e ngritura n\u00eb veriun e banuar me shumic\u00eb serbe, duke argumentuar se ato po cenojn\u00eb [&hellip;]<\/p>\n","protected":false},"author":1,"featured_media":65838,"comment_status":"open","ping_status":"open","sticky":false,"template":"","format":"standard","meta":{"footnotes":""},"categories":[14],"tags":[877,6172,48,5123,1385],"class_list":["post-65920","post","type-post","status-publish","format-standard","has-post-thumbnail","hentry","category-kombetare","tag-albin-kurti","tag-barrikadat","tag-kosove","tag-kriminelet-serb","tag-veriu"],"_links":{"self":[{"href":"https:\/\/prizrenpost.com\/al\/wp-json\/wp\/v2\/posts\/65920","targetHints":{"allow":["GET"]}}],"collection":[{"href":"https:\/\/prizrenpost.com\/al\/wp-json\/wp\/v2\/posts"}],"about":[{"href":"https:\/\/prizrenpost.com\/al\/wp-json\/wp\/v2\/types\/post"}],"author":[{"embeddable":true,"href":"https:\/\/prizrenpost.com\/al\/wp-json\/wp\/v2\/users\/1"}],"replies":[{"embeddable":true,"href":"https:\/\/prizrenpost.com\/al\/wp-json\/wp\/v2\/comments?post=65920"}],"version-history":[{"count":1,"href":"https:\/\/prizrenpost.com\/al\/wp-json\/wp\/v2\/posts\/65920\/revisions"}],"predecessor-version":[{"id":65921,"href":"https:\/\/prizrenpost.com\/al\/wp-json\/wp\/v2\/posts\/65920\/revisions\/65921"}],"wp:featuredmedia":[{"embeddable":true,"href":"https:\/\/prizrenpost.com\/al\/wp-json\/wp\/v2\/media\/65838"}],"wp:attachment":[{"href":"https:\/\/prizrenpost.com\/al\/wp-json\/wp\/v2\/media?parent=65920"}],"wp:term":[{"taxonomy":"category","embeddable":true,"href":"https:\/\/prizrenpost.com\/al\/wp-json\/wp\/v2\/categories?post=65920"},{"taxonomy":"post_tag","embeddable":true,"href":"https:\/\/prizrenpost.com\/al\/wp-json\/wp\/v2\/tags?post=65920"}],"curies":[{"name":"wp","href":"https:\/\/api.w.org\/{rel}","templated":true}]}}