{"id":66001,"date":"2023-01-05T09:39:21","date_gmt":"2023-01-05T08:39:21","guid":{"rendered":"https:\/\/prizrenpost.com\/al\/?p=66001"},"modified":"2023-01-05T09:39:21","modified_gmt":"2023-01-05T08:39:21","slug":"javen-e-ardhshme-chollet-do-te-vizitoje-beogradin","status":"publish","type":"post","link":"https:\/\/prizrenpost.com\/al\/javen-e-ardhshme-chollet-do-te-vizitoje-beogradin\/","title":{"rendered":"Jav\u00ebn e ardhshme Chollet do t\u00eb vizitoj\u00eb Beogradin"},"content":{"rendered":"<p><img decoding=\"async\" src=\"https:\/\/prizrenpost.com\/al\/wp-content\/uploads\/2023\/01\/chollet.webp\" alt=\"\" width=\"100%\" height=\"\" class=\"alignnone size-full wp-image-66002\" srcset=\"https:\/\/prizrenpost.com\/al\/wp-content\/uploads\/2023\/01\/chollet.webp 1023w, https:\/\/prizrenpost.com\/al\/wp-content\/uploads\/2023\/01\/chollet-300x169.webp 300w, https:\/\/prizrenpost.com\/al\/wp-content\/uploads\/2023\/01\/chollet-768x432.webp 768w\" sizes=\"(max-width: 1023px) 100vw, 1023px\" \/><\/p>\n<p><strong>BEOGRAD &#8211; K\u00ebshilltari i lart\u00eb i Departamentit amerikan t\u00eb Shtetit, Derek Chollet, do t\u00eb vizitoj\u00eb Beogradin m\u00eb 11 ose 12 janar, njoftoi presidenti serb, Aleksandar Vu\u00e7iq.<\/strong><\/p>\n<p>\u201cBesoj n\u00eb krijimin e raporteve m\u00eb t\u00eb mira me Shtetet e Bashkuara. T\u00eb shohim se si do t\u00eb shkoj\u00eb. Nuk do t\u00eb jet\u00eb nj\u00eb bised\u00eb e leht\u00eb, por besoj se ne mund t\u00eb flasim\u201d, tha Vu\u00e7iq gjat\u00eb nj\u00eb konference p\u00ebr media.<\/p>\n<p>Chollet kishte anuluar nj\u00eb vizit\u00eb n\u00eb shtetet e Ballkanit Per\u00ebndimor dhe n\u00eb Bruksel n\u00eb dhjetor p\u00ebr shkak se doli pozitiv p\u00ebr koronavirus.<\/p>\n<p>Gjat\u00eb nj\u00eb konference p\u00ebr media n\u00eb Beograd, Vu\u00e7iq tha se pas zyrtarit amerikan, Serbin\u00eb do ta vizitojn\u00eb edhe negociator\u00ebt evropian\u00eb.<\/p>\n<p>&#8220;Pas k\u00ebsaj, un\u00eb pres arritjen e t\u00eb gjith\u00eb k\u00ebtyre ekspert\u00ebve nga Evropa&#8221;, shtoi ai.<\/p>\n<p>Zyrtar\u00ebt amerikan\u00eb dhe evropian\u00eb do t\u00eb q\u00ebndrojn\u00eb n\u00eb Beograd n\u00eb p\u00ebrpjekje p\u00ebr t\u00eb p\u00ebrshpejtuar procesin e dialogut p\u00ebr normalizimin e marr\u00ebdh\u00ebnieve midis Kosov\u00ebs dhe Serbis\u00eb.<\/p>\n<p>Kosov\u00ebs dhe Serbis\u00eb u \u00ebsht\u00eb ofruar nj\u00eb propozim franko-gjerman n\u00eb em\u00ebr t\u00eb Bashkimit Evropian. Ky propozim ka mb\u00ebshtetjen edhe t\u00eb Shteteve t\u00eb Bashkuara.<\/p>\n<p>Ky dokument nuk \u00ebsht\u00eb b\u00ebr\u00eb publik, por u \u00ebsht\u00eb prezantuar t\u00eb dyja pal\u00ebve.<\/p>\n<p>&#8220;Ata ve\u00e7se po sillen sikurse ky t\u00eb ishte nj\u00eb propozim q\u00eb nuk mund t\u00eb refuzohet&#8221;, tha Vu\u00e7iq, duke insistuar se ky ende \u00ebsht\u00eb draft-dokument.<\/p>\n<p>I pyetur se cila do t\u00eb ishte zgjidhja e pranueshme p\u00ebr Beogradin, Vu\u00e7iq tha se Serbia i p\u00ebrmbahet Kushtetut\u00ebs s\u00eb saj.<\/p>\n<p>&#8220;Ne jemi t\u00eb gatsh\u00ebm t\u00eb diskutojm\u00eb p\u00ebr zgjidhje t\u00eb panum\u00ebrta kompromisi\u201d, shtoi ai.<\/p>\n<p>Kushtetuta e Serbis\u00eb thot\u00eb se Kosova \u00ebsht\u00eb pjes\u00eb e Serbis\u00eb.<\/p>\n<p>Gjat\u00eb konferenc\u00ebs, Vu\u00e7iq po ashtu foli edhe p\u00ebr aplikimin e Kosov\u00ebs n\u00eb K\u00ebshillin e Evrop\u00ebs.<\/p>\n<p>&#8220;A mund t&#8217;i kund\u00ebrshtojm\u00eb n\u00eb K\u00ebshillin e Evrop\u00ebs? \u00cbsht\u00eb e v\u00ebshtir\u00eb. A mundemi n\u00eb UNESCO? Ne do t\u00eb luftojm\u00eb&#8221;, tha ai.<\/p>\n<p>N\u00eb maj, Kosova ka aplikuar p\u00ebr an\u00ebtar\u00ebsim n\u00eb K\u00ebshillin e Evrop\u00ebs.<\/p>\n<p>Vu\u00e7iq po ashtu foli p\u00ebr t\u00ebrheqjen e njohjeve t\u00eb pavar\u00ebsis\u00eb s\u00eb Kosov\u00ebs, duke pretenduar se jan\u00eb n\u00eb pritje q\u00eb shteti i dhjet\u00eb t\u00eb t\u00ebrheq\u00eb njohjen, por pa specifikuar se p\u00ebr cilin shtet b\u00ebhet fjal\u00eb.<\/p>\n<p>Ai pretendoi se n\u00ebnt\u00eb shtete ve\u00e7se kan\u00eb t\u00ebrhequr njohjen e Kosov\u00ebs: Somalia, Burkina Faso, Gaboni, Esvatini, Libia, Guniea, Antigua dhe Barbuda, Sh\u00ebn Lucia dhe Maldivet.<\/p>\n<p>Ministria e Pun\u00ebve t\u00eb Jashtme dhe Diaspor\u00ebs s\u00eb Kosov\u00ebs thot\u00eb se vendin deri m\u00eb tani e kan\u00eb njohur 106 vende. Autoritetet n\u00eb Prishtin\u00eb m\u00eb her\u00ebt kan\u00eb hedhur posht\u00eb pretendimet e Serbis\u00eb se shtete t\u00eb ndryshme kan\u00eb t\u00ebrhequr njohjen.<\/p>\n<p>Ndryshe, dialogu midis Kosov\u00ebs dhe Serbis\u00eb ka nisur m\u00eb 2011 n\u00ebn nd\u00ebrmjet\u00ebsimin e Bashkimit Evropian. Pritjet jan\u00eb q\u00eb ky proces t\u00eb p\u00ebrfundoj\u00eb me nj\u00eb marr\u00ebveshje ligj\u00ebrisht t\u00eb obligueshme.<\/p>\n<p>Por, Kosova dhe Serbia kan\u00eb pik\u00ebpamje t\u00eb ndryshme sa i p\u00ebrket p\u00ebrfundimit t\u00eb dialogut. P\u00ebrderisa Prishtina d\u00ebshiron q\u00eb nj\u00eb marr\u00ebveshje finale t\u00eb p\u00ebrfshij\u00eb njohjen e nd\u00ebrsjell\u00eb, Beogradi k\u00ebrkon nj\u00eb zgjidhje kompromisi &#8211; pa specifikuar se \u00e7far\u00eb sakt\u00ebsisht n\u00ebnkupton ai kompromis.\/REL<\/p>\n","protected":false},"excerpt":{"rendered":"<p>BEOGRAD &#8211; K\u00ebshilltari i lart\u00eb i Departamentit amerikan t\u00eb Shtetit, Derek Chollet, do t\u00eb vizitoj\u00eb Beogradin m\u00eb 11 ose 12 janar, njoftoi presidenti serb, Aleksandar Vu\u00e7iq. \u201cBesoj n\u00eb krijimin e raporteve m\u00eb t\u00eb mira me Shtetet e Bashkuara. T\u00eb shohim se si do t\u00eb shkoj\u00eb. Nuk do t\u00eb jet\u00eb nj\u00eb bised\u00eb e leht\u00eb, por besoj [&hellip;]<\/p>\n","protected":false},"author":1,"featured_media":66002,"comment_status":"open","ping_status":"open","sticky":false,"template":"","format":"standard","meta":{"footnotes":""},"categories":[15],"tags":[3803,2361,6169,287,799],"class_list":["post-66001","post","type-post","status-publish","format-standard","has-post-thumbnail","hentry","category-ballkan","tag-aktuale","tag-amerika","tag-derek-chollet","tag-kosova","tag-serbia"],"_links":{"self":[{"href":"https:\/\/prizrenpost.com\/al\/wp-json\/wp\/v2\/posts\/66001","targetHints":{"allow":["GET"]}}],"collection":[{"href":"https:\/\/prizrenpost.com\/al\/wp-json\/wp\/v2\/posts"}],"about":[{"href":"https:\/\/prizrenpost.com\/al\/wp-json\/wp\/v2\/types\/post"}],"author":[{"embeddable":true,"href":"https:\/\/prizrenpost.com\/al\/wp-json\/wp\/v2\/users\/1"}],"replies":[{"embeddable":true,"href":"https:\/\/prizrenpost.com\/al\/wp-json\/wp\/v2\/comments?post=66001"}],"version-history":[{"count":1,"href":"https:\/\/prizrenpost.com\/al\/wp-json\/wp\/v2\/posts\/66001\/revisions"}],"predecessor-version":[{"id":66003,"href":"https:\/\/prizrenpost.com\/al\/wp-json\/wp\/v2\/posts\/66001\/revisions\/66003"}],"wp:featuredmedia":[{"embeddable":true,"href":"https:\/\/prizrenpost.com\/al\/wp-json\/wp\/v2\/media\/66002"}],"wp:attachment":[{"href":"https:\/\/prizrenpost.com\/al\/wp-json\/wp\/v2\/media?parent=66001"}],"wp:term":[{"taxonomy":"category","embeddable":true,"href":"https:\/\/prizrenpost.com\/al\/wp-json\/wp\/v2\/categories?post=66001"},{"taxonomy":"post_tag","embeddable":true,"href":"https:\/\/prizrenpost.com\/al\/wp-json\/wp\/v2\/tags?post=66001"}],"curies":[{"name":"wp","href":"https:\/\/api.w.org\/{rel}","templated":true}]}}