{"id":66025,"date":"2023-01-08T15:10:05","date_gmt":"2023-01-08T14:10:05","guid":{"rendered":"https:\/\/prizrenpost.com\/al\/?p=66025"},"modified":"2023-01-08T19:04:54","modified_gmt":"2023-01-08T18:04:54","slug":"chollet-do-te-vizitoje-kosoven-me-11-janar","status":"publish","type":"post","link":"https:\/\/prizrenpost.com\/al\/chollet-do-te-vizitoje-kosoven-me-11-janar\/","title":{"rendered":"Chollet do t\u00eb vizitoj\u00eb Kosov\u00ebn m\u00eb 11 janar"},"content":{"rendered":"<p><img decoding=\"async\" src=\"https:\/\/prizrenpost.com\/al\/wp-content\/uploads\/2023\/01\/chollet-1.webp\" alt=\"\" width=\"100%\" height=\"\" class=\"alignnone size-full wp-image-66026\" srcset=\"https:\/\/prizrenpost.com\/al\/wp-content\/uploads\/2023\/01\/chollet-1.webp 1023w, https:\/\/prizrenpost.com\/al\/wp-content\/uploads\/2023\/01\/chollet-1-300x169.webp 300w, https:\/\/prizrenpost.com\/al\/wp-content\/uploads\/2023\/01\/chollet-1-768x432.webp 768w\" sizes=\"(max-width: 1023px) 100vw, 1023px\" \/><\/p>\n<p><strong>PRISHTIN\u00cb &#8211; K\u00ebshilltari i lart\u00eb i Departamentit amerikan t\u00eb Shtetit, Derek Chollet, do ta vizitoj\u00eb Kosov\u00ebn m\u00eb 11 janar. Ai gjithashtu do t\u00eb vizitoj\u00eb edhe Maqedonin\u00eb e Veriut dhe Serbin\u00eb, njofton DASH-i.<\/strong><\/p>\n<p>Sipas njoftimit, Chollet do t\u00eb takoj\u00eb n\u00eb Prishtin\u00eb zyrtar\u00ebt qeveritar\u00eb, lider\u00ebt e tjer\u00eb politik\u00eb dhe shoq\u00ebrin\u00eb civile, p\u00ebr t\u2019i diskutuar p\u00ebrpjekjet e SHBA-s\u00eb p\u00ebr ta ndihmuar avancimin e Kosov\u00ebs drejt integrimit euroatlantik, \u201cp\u00ebrfshir\u00eb k\u00ebtu arritjen e nj\u00eb marr\u00ebveshje gjith\u00ebp\u00ebrfshir\u00ebse mes Kosov\u00ebs dhe Serbis\u00eb p\u00ebrmes dialogut t\u00eb leht\u00ebsuar nga BE-ja, q\u00eb n\u00eb qend\u00ebr do ta kishte njohjen reciproke\u201d.<\/p>\n<p>Pas Prishtin\u00ebs, Chollet viziton Beogradin. Atje, m\u00eb 12 janar, ku p\u00ebrve\u00e7 siguris\u00eb energjetike, integrimin ekonomik rajonal dhe p\u00ebrparimin e Serbis\u00eb drejt synimit p\u00ebr an\u00ebtar\u00ebsim n\u00eb BE, tem\u00eb diskutimi do t\u00eb jet\u00eb edhe dialogu Kosov\u00eb-Serbi.<\/p>\n<p>\u201cAi [Chollet] t\u00eb diskutoj\u00eb p\u00ebr rolin e Serbis\u00eb n\u00eb forcim t\u00eb paqes rajonale dhe siguris\u00eb dhe angazhimin e vazhduesh\u00ebm n\u00eb dialogun e leht\u00ebsuar nga BE-ja p\u00ebr t\u2019i normalizuar marr\u00ebdh\u00ebniet me Kosov\u00ebn\u201d, thuhet n\u00eb njoftim.<\/p>\n<p>Para Prishtin\u00ebs dhe Beogradit, Chollet do ta vizitoj\u00eb Shkupin. Atje ai do t\u00eb takohet me lider\u00ebt qeveritar\u00eb p\u00ebr t\u00eb diskutuar nj\u00eb s\u00ebr\u00eb \u00e7\u00ebshtjesh, p\u00ebrfshir\u00eb energjin\u00eb, ekonomin\u00eb dhe luft\u00ebn kund\u00ebr korrupsionit.<\/p>\n<p>Vizita e tij n\u00eb k\u00ebto tri shtete, nga 11 deri m\u00eb 13 janar, sipas DASH-it synon q\u00eb t\u00eb \u201cn\u00ebnvizoj\u00eb p\u00ebrkushtimin e vazhduesh\u00ebm t\u00eb SHBA-s\u00eb ndaj paqes, stabilitetit dhe prosperitetit t\u00eb Ballkanit Per\u00ebndimor\u201d.\/REL<\/p>\n","protected":false},"excerpt":{"rendered":"<p>PRISHTIN\u00cb &#8211; K\u00ebshilltari i lart\u00eb i Departamentit amerikan t\u00eb Shtetit, Derek Chollet, do ta vizitoj\u00eb Kosov\u00ebn m\u00eb 11 janar. Ai gjithashtu do t\u00eb vizitoj\u00eb edhe Maqedonin\u00eb e Veriut dhe Serbin\u00eb, njofton DASH-i. Sipas njoftimit, Chollet do t\u00eb takoj\u00eb n\u00eb Prishtin\u00eb zyrtar\u00ebt qeveritar\u00eb, lider\u00ebt e tjer\u00eb politik\u00eb dhe shoq\u00ebrin\u00eb civile, p\u00ebr t\u2019i diskutuar p\u00ebrpjekjet e SHBA-s\u00eb [&hellip;]<\/p>\n","protected":false},"author":1,"featured_media":66026,"comment_status":"open","ping_status":"open","sticky":false,"template":"","format":"standard","meta":{"footnotes":""},"categories":[15],"tags":[3803,2361,895,6169,6200,287],"class_list":["post-66025","post","type-post","status-publish","format-standard","has-post-thumbnail","hentry","category-ballkan","tag-aktuale","tag-amerika","tag-ballkani","tag-derek-chollet","tag-featured","tag-kosova"],"_links":{"self":[{"href":"https:\/\/prizrenpost.com\/al\/wp-json\/wp\/v2\/posts\/66025","targetHints":{"allow":["GET"]}}],"collection":[{"href":"https:\/\/prizrenpost.com\/al\/wp-json\/wp\/v2\/posts"}],"about":[{"href":"https:\/\/prizrenpost.com\/al\/wp-json\/wp\/v2\/types\/post"}],"author":[{"embeddable":true,"href":"https:\/\/prizrenpost.com\/al\/wp-json\/wp\/v2\/users\/1"}],"replies":[{"embeddable":true,"href":"https:\/\/prizrenpost.com\/al\/wp-json\/wp\/v2\/comments?post=66025"}],"version-history":[{"count":3,"href":"https:\/\/prizrenpost.com\/al\/wp-json\/wp\/v2\/posts\/66025\/revisions"}],"predecessor-version":[{"id":66029,"href":"https:\/\/prizrenpost.com\/al\/wp-json\/wp\/v2\/posts\/66025\/revisions\/66029"}],"wp:featuredmedia":[{"embeddable":true,"href":"https:\/\/prizrenpost.com\/al\/wp-json\/wp\/v2\/media\/66026"}],"wp:attachment":[{"href":"https:\/\/prizrenpost.com\/al\/wp-json\/wp\/v2\/media?parent=66025"}],"wp:term":[{"taxonomy":"category","embeddable":true,"href":"https:\/\/prizrenpost.com\/al\/wp-json\/wp\/v2\/categories?post=66025"},{"taxonomy":"post_tag","embeddable":true,"href":"https:\/\/prizrenpost.com\/al\/wp-json\/wp\/v2\/tags?post=66025"}],"curies":[{"name":"wp","href":"https:\/\/api.w.org\/{rel}","templated":true}]}}