{"id":66041,"date":"2023-01-10T07:51:43","date_gmt":"2023-01-10T06:51:43","guid":{"rendered":"https:\/\/prizrenpost.com\/al\/?p=66041"},"modified":"2023-01-10T07:51:43","modified_gmt":"2023-01-10T06:51:43","slug":"turqia-vazhdon-perpjekjet-per-zbutjen-e-tensioneve-midis-kosoves-dhe-serbise","status":"publish","type":"post","link":"https:\/\/prizrenpost.com\/al\/turqia-vazhdon-perpjekjet-per-zbutjen-e-tensioneve-midis-kosoves-dhe-serbise\/","title":{"rendered":"Turqia vazhdon p\u00ebrpjekjet p\u00ebr zbutjen e tensioneve midis Kosov\u00ebs dhe Serbis\u00eb"},"content":{"rendered":"<p><img decoding=\"async\" src=\"https:\/\/prizrenpost.com\/al\/wp-content\/uploads\/2023\/01\/erdogan.jpeg\" alt=\"\" width=\"100%\" height=\"\" class=\"alignnone size-full wp-image-66042\" srcset=\"https:\/\/prizrenpost.com\/al\/wp-content\/uploads\/2023\/01\/erdogan.jpeg 864w, https:\/\/prizrenpost.com\/al\/wp-content\/uploads\/2023\/01\/erdogan-300x169.jpeg 300w, https:\/\/prizrenpost.com\/al\/wp-content\/uploads\/2023\/01\/erdogan-768x432.jpeg 768w\" sizes=\"(max-width: 864px) 100vw, 864px\" \/><\/p>\n<p><strong>ANKARA &#8211; Presidenti i Republik\u00ebs s\u00eb Turqis\u00eb, Recep Tayyip Erdo\u011fan, tha se vendi i tij ka vazhduar p\u00ebrpjekjet p\u00ebr zbutjen e tensioneve n\u00eb marr\u00ebdh\u00ebniet nd\u00ebrmjet Kosov\u00ebs dhe Serbis\u00eb.<\/strong><\/p>\n<p>Pas nj\u00eb takimi t\u00eb kabinetit t\u00eb mbajtur n\u00eb Ankara, presidenti Erdo\u011fan gjithashtu tha se Turqia ka vazhduar p\u00ebrpjekjet p\u00ebr zgjidhjen e mosmarr\u00ebveshjeve politike n\u00eb Bosnje e Hercegovin\u00eb.<\/p>\n<p>\u201cNe vazhduam p\u00ebrpjekjet tona p\u00ebr t\u00eb zgjidhur bllokimin politik n\u00eb Bosnje e Hercegovin\u00eb dhe p\u00ebr t\u00eb leht\u00ebsuar tensionin n\u00eb marr\u00ebdh\u00ebniet nd\u00ebrmjet Kosov\u00ebs dhe Serbis\u00eb\u201d, tha Erdo\u011fan.<\/p>\n<p>Duke folur p\u00ebr sfidat ekonomike me t\u00eb cilat u p\u00ebrball vendi i tij vitin e kaluar, Erdo\u011fan u shpreh se &#8220;problemi yn\u00eb m\u00eb serioz ishte inflacioni, i cili n\u00eb baz\u00eb vjetore arriti n\u00eb 64,27 p\u00ebr qind&#8221;, duke shtuar se n\u00eb muajt n\u00eb vijim kjo norm\u00eb do t\u00eb ulet gradualisht.<\/p>\n<p>\u201cNe do t\u00eb zbatojm\u00eb nj\u00eb program fal\u00eb t\u00eb cilit do t\u00eb ulim inflacionin n\u00eb 20 p\u00ebr qind\u201d, tha Erdo\u011fan.<\/p>\n<p>Ai iu referua edhe ngjarjeve n\u00eb Brazil, duke th\u00ebn\u00eb se Turqia d\u00ebnon dhun\u00ebn ndaj presidentit brazilian Luiz In\u00e1cio Lula da Silva, raporton Anadolu Agency.<\/p>\n","protected":false},"excerpt":{"rendered":"<p>ANKARA &#8211; Presidenti i Republik\u00ebs s\u00eb Turqis\u00eb, Recep Tayyip Erdo\u011fan, tha se vendi i tij ka vazhduar p\u00ebrpjekjet p\u00ebr zbutjen e tensioneve n\u00eb marr\u00ebdh\u00ebniet nd\u00ebrmjet Kosov\u00ebs dhe Serbis\u00eb. Pas nj\u00eb takimi t\u00eb kabinetit t\u00eb mbajtur n\u00eb Ankara, presidenti Erdo\u011fan gjithashtu tha se Turqia ka vazhduar p\u00ebrpjekjet p\u00ebr zgjidhjen e mosmarr\u00ebveshjeve politike n\u00eb Bosnje e Hercegovin\u00eb. [&hellip;]<\/p>\n","protected":false},"author":1,"featured_media":66042,"comment_status":"open","ping_status":"open","sticky":false,"template":"","format":"standard","meta":{"footnotes":""},"categories":[24],"tags":[3803,287,1059,799,310],"class_list":["post-66041","post","type-post","status-publish","format-standard","has-post-thumbnail","hentry","category-bote","tag-aktuale","tag-kosova","tag-recep-tayyip-erdogan","tag-serbia","tag-turqia"],"_links":{"self":[{"href":"https:\/\/prizrenpost.com\/al\/wp-json\/wp\/v2\/posts\/66041","targetHints":{"allow":["GET"]}}],"collection":[{"href":"https:\/\/prizrenpost.com\/al\/wp-json\/wp\/v2\/posts"}],"about":[{"href":"https:\/\/prizrenpost.com\/al\/wp-json\/wp\/v2\/types\/post"}],"author":[{"embeddable":true,"href":"https:\/\/prizrenpost.com\/al\/wp-json\/wp\/v2\/users\/1"}],"replies":[{"embeddable":true,"href":"https:\/\/prizrenpost.com\/al\/wp-json\/wp\/v2\/comments?post=66041"}],"version-history":[{"count":1,"href":"https:\/\/prizrenpost.com\/al\/wp-json\/wp\/v2\/posts\/66041\/revisions"}],"predecessor-version":[{"id":66043,"href":"https:\/\/prizrenpost.com\/al\/wp-json\/wp\/v2\/posts\/66041\/revisions\/66043"}],"wp:featuredmedia":[{"embeddable":true,"href":"https:\/\/prizrenpost.com\/al\/wp-json\/wp\/v2\/media\/66042"}],"wp:attachment":[{"href":"https:\/\/prizrenpost.com\/al\/wp-json\/wp\/v2\/media?parent=66041"}],"wp:term":[{"taxonomy":"category","embeddable":true,"href":"https:\/\/prizrenpost.com\/al\/wp-json\/wp\/v2\/categories?post=66041"},{"taxonomy":"post_tag","embeddable":true,"href":"https:\/\/prizrenpost.com\/al\/wp-json\/wp\/v2\/tags?post=66041"}],"curies":[{"name":"wp","href":"https:\/\/api.w.org\/{rel}","templated":true}]}}