{"id":66051,"date":"2023-01-10T13:44:48","date_gmt":"2023-01-10T12:44:48","guid":{"rendered":"https:\/\/prizrenpost.com\/al\/?p=66051"},"modified":"2023-01-10T13:44:48","modified_gmt":"2023-01-10T12:44:48","slug":"teleferiku-ne-kalane-e-prizrenit-do-behet-realitet","status":"publish","type":"post","link":"https:\/\/prizrenpost.com\/al\/teleferiku-ne-kalane-e-prizrenit-do-behet-realitet\/","title":{"rendered":"Teleferiku n\u00eb Kalan\u00eb e Prizrenit do b\u00ebhet realitet"},"content":{"rendered":"<p><img decoding=\"async\" src=\"https:\/\/prizrenpost.com\/al\/wp-content\/uploads\/2023\/01\/teleferiku-prizren.jpg\" alt=\"\" width=\"100%\" height=\"\" class=\"alignnone size-full wp-image-66053\" srcset=\"https:\/\/prizrenpost.com\/al\/wp-content\/uploads\/2023\/01\/teleferiku-prizren.jpg 1526w, https:\/\/prizrenpost.com\/al\/wp-content\/uploads\/2023\/01\/teleferiku-prizren-300x179.jpg 300w, https:\/\/prizrenpost.com\/al\/wp-content\/uploads\/2023\/01\/teleferiku-prizren-1024x613.jpg 1024w, https:\/\/prizrenpost.com\/al\/wp-content\/uploads\/2023\/01\/teleferiku-prizren-768x459.jpg 768w\" sizes=\"(max-width: 1526px) 100vw, 1526px\" \/><\/p>\n<p><strong>PRIZREN &#8211; Kalaja e Prizrenit do t\u00eb b\u00ebhet me teleferik.<\/strong><\/p>\n<p>Kjo u b\u00eb e ditur nga kryetari i Prizrenit, Shaqir Totaj.<\/p>\n<p>Marr\u00ebveshja u n\u00ebnshkrua t\u00eb mart\u00ebn nga Komuna e Prizrenit, Ministria e Mjedisit dhe Infrastruktur\u00ebs si dhe Swiss Contacti.<\/p>\n","protected":false},"excerpt":{"rendered":"<p>PRIZREN &#8211; Kalaja e Prizrenit do t\u00eb b\u00ebhet me teleferik. Kjo u b\u00eb e ditur nga kryetari i Prizrenit, Shaqir Totaj. Marr\u00ebveshja u n\u00ebnshkrua t\u00eb mart\u00ebn nga Komuna e Prizrenit, Ministria e Mjedisit dhe Infrastruktur\u00ebs si dhe Swiss Contacti.<\/p>\n","protected":false},"author":1,"featured_media":66053,"comment_status":"open","ping_status":"open","sticky":false,"template":"","format":"standard","meta":{"footnotes":""},"categories":[22],"tags":[3803,2597,6201,41,4085,4371],"class_list":["post-66051","post","type-post","status-publish","format-standard","has-post-thumbnail","hentry","category-prizren","tag-aktuale","tag-komuna-e-prizrenit","tag-liburn-aliu","tag-prizren","tag-shaqir-totaj","tag-teleferiku"],"_links":{"self":[{"href":"https:\/\/prizrenpost.com\/al\/wp-json\/wp\/v2\/posts\/66051","targetHints":{"allow":["GET"]}}],"collection":[{"href":"https:\/\/prizrenpost.com\/al\/wp-json\/wp\/v2\/posts"}],"about":[{"href":"https:\/\/prizrenpost.com\/al\/wp-json\/wp\/v2\/types\/post"}],"author":[{"embeddable":true,"href":"https:\/\/prizrenpost.com\/al\/wp-json\/wp\/v2\/users\/1"}],"replies":[{"embeddable":true,"href":"https:\/\/prizrenpost.com\/al\/wp-json\/wp\/v2\/comments?post=66051"}],"version-history":[{"count":1,"href":"https:\/\/prizrenpost.com\/al\/wp-json\/wp\/v2\/posts\/66051\/revisions"}],"predecessor-version":[{"id":66054,"href":"https:\/\/prizrenpost.com\/al\/wp-json\/wp\/v2\/posts\/66051\/revisions\/66054"}],"wp:featuredmedia":[{"embeddable":true,"href":"https:\/\/prizrenpost.com\/al\/wp-json\/wp\/v2\/media\/66053"}],"wp:attachment":[{"href":"https:\/\/prizrenpost.com\/al\/wp-json\/wp\/v2\/media?parent=66051"}],"wp:term":[{"taxonomy":"category","embeddable":true,"href":"https:\/\/prizrenpost.com\/al\/wp-json\/wp\/v2\/categories?post=66051"},{"taxonomy":"post_tag","embeddable":true,"href":"https:\/\/prizrenpost.com\/al\/wp-json\/wp\/v2\/tags?post=66051"}],"curies":[{"name":"wp","href":"https:\/\/api.w.org\/{rel}","templated":true}]}}