{"id":66072,"date":"2023-01-15T20:10:33","date_gmt":"2023-01-15T19:10:33","guid":{"rendered":"https:\/\/prizrenpost.com\/al\/?p=66072"},"modified":"2023-01-15T20:12:34","modified_gmt":"2023-01-15T19:12:34","slug":"24-vjet-nga-masakra-e-recakut-video","status":"publish","type":"post","link":"https:\/\/prizrenpost.com\/al\/24-vjet-nga-masakra-e-recakut-video\/","title":{"rendered":"24 vjet nga masakra e Re\u00e7akut [video]"},"content":{"rendered":"<p><img decoding=\"async\" src=\"https:\/\/prizrenpost.com\/al\/wp-content\/uploads\/2023\/01\/recaku.jpeg\" alt=\"\" width=\"100%\" height=\"\" class=\"alignnone size-full wp-image-66073\" srcset=\"https:\/\/prizrenpost.com\/al\/wp-content\/uploads\/2023\/01\/recaku.jpeg 1920w, https:\/\/prizrenpost.com\/al\/wp-content\/uploads\/2023\/01\/recaku-300x169.jpeg 300w, https:\/\/prizrenpost.com\/al\/wp-content\/uploads\/2023\/01\/recaku-1024x576.jpeg 1024w, https:\/\/prizrenpost.com\/al\/wp-content\/uploads\/2023\/01\/recaku-768x432.jpeg 768w, https:\/\/prizrenpost.com\/al\/wp-content\/uploads\/2023\/01\/recaku-1536x864.jpeg 1536w\" sizes=\"(max-width: 1920px) 100vw, 1920px\" \/><\/p>\n<p><strong>RE\u00c7AK &#8211; M\u00eb 15 janar 1999, forcat policore dhe ushtarake serbe vran\u00eb 45 civil\u00eb shqiptar\u00eb n\u00eb fshatin Re\u00e7ak t\u00eb komun\u00ebs s\u00eb Shtimes.<\/strong> <\/p>\n<p>Tani, kur b\u00ebhen 24 vjet nga masakra, banor\u00ebt e fshatit, t\u00eb cil\u00ebve iu vran\u00eb familjar\u00ebt, thon\u00eb se jan\u00eb t\u00eb d\u00ebshp\u00ebruar me faktin se askush nuk u d\u00ebnua p\u00ebr krimet e kryera.<\/p>\n<p><iframe loading=\"lazy\" src=\"https:\/\/www.evropaelire.org\/embed\/player\/0\/29704855.html?type=video\" frameborder=\"0\" scrolling=\"no\" width=\"100%\" height=\"460\" allowfullscreen><\/iframe><\/p>\n","protected":false},"excerpt":{"rendered":"<p>RE\u00c7AK &#8211; M\u00eb 15 janar 1999, forcat policore dhe ushtarake serbe vran\u00eb 45 civil\u00eb shqiptar\u00eb n\u00eb fshatin Re\u00e7ak t\u00eb komun\u00ebs s\u00eb Shtimes. Tani, kur b\u00ebhen 24 vjet nga masakra, banor\u00ebt e fshatit, t\u00eb cil\u00ebve iu vran\u00eb familjar\u00ebt, thon\u00eb se jan\u00eb t\u00eb d\u00ebshp\u00ebruar me faktin se askush nuk u d\u00ebnua p\u00ebr krimet e kryera.<\/p>\n","protected":false},"author":1,"featured_media":66073,"comment_status":"open","ping_status":"open","sticky":false,"template":"","format":"standard","meta":{"footnotes":""},"categories":[14],"tags":[3803,48,1168,1290,2016],"class_list":["post-66072","post","type-post","status-publish","format-standard","has-post-thumbnail","hentry","category-kombetare","tag-aktuale","tag-kosove","tag-krimet-serbe","tag-masakra-e-recakut","tag-video"],"_links":{"self":[{"href":"https:\/\/prizrenpost.com\/al\/wp-json\/wp\/v2\/posts\/66072","targetHints":{"allow":["GET"]}}],"collection":[{"href":"https:\/\/prizrenpost.com\/al\/wp-json\/wp\/v2\/posts"}],"about":[{"href":"https:\/\/prizrenpost.com\/al\/wp-json\/wp\/v2\/types\/post"}],"author":[{"embeddable":true,"href":"https:\/\/prizrenpost.com\/al\/wp-json\/wp\/v2\/users\/1"}],"replies":[{"embeddable":true,"href":"https:\/\/prizrenpost.com\/al\/wp-json\/wp\/v2\/comments?post=66072"}],"version-history":[{"count":3,"href":"https:\/\/prizrenpost.com\/al\/wp-json\/wp\/v2\/posts\/66072\/revisions"}],"predecessor-version":[{"id":66076,"href":"https:\/\/prizrenpost.com\/al\/wp-json\/wp\/v2\/posts\/66072\/revisions\/66076"}],"wp:featuredmedia":[{"embeddable":true,"href":"https:\/\/prizrenpost.com\/al\/wp-json\/wp\/v2\/media\/66073"}],"wp:attachment":[{"href":"https:\/\/prizrenpost.com\/al\/wp-json\/wp\/v2\/media?parent=66072"}],"wp:term":[{"taxonomy":"category","embeddable":true,"href":"https:\/\/prizrenpost.com\/al\/wp-json\/wp\/v2\/categories?post=66072"},{"taxonomy":"post_tag","embeddable":true,"href":"https:\/\/prizrenpost.com\/al\/wp-json\/wp\/v2\/tags?post=66072"}],"curies":[{"name":"wp","href":"https:\/\/api.w.org\/{rel}","templated":true}]}}