{"id":6694,"date":"2014-05-12T19:38:44","date_gmt":"2014-05-12T17:38:44","guid":{"rendered":"http:\/\/prizrenpost.com\/al\/?p=6694"},"modified":"2018-12-06T22:27:12","modified_gmt":"2018-12-06T21:27:12","slug":"analistet-kriza-mund-te-terheq-vemendjen-amerikane","status":"publish","type":"post","link":"https:\/\/prizrenpost.com\/al\/analistet-kriza-mund-te-terheq-vemendjen-amerikane\/","title":{"rendered":"Analist\u00ebt: Kriza mund t\u00eb t\u00ebrheq v\u00ebmendjen amerikane!"},"content":{"rendered":"<p><img decoding=\"async\" src=\"https:\/\/prizrenpost.com\/al\/wp-content\/uploads\/2014\/05\/obama-1.jpg\" alt=\"\" width=\"100%\" height=\"\" class=\"alignleft size-full wp-image-49186\" srcset=\"https:\/\/prizrenpost.com\/al\/wp-content\/uploads\/2014\/05\/obama-1.jpg 448w, https:\/\/prizrenpost.com\/al\/wp-content\/uploads\/2014\/05\/obama-1-300x225.jpg 300w\" sizes=\"(max-width: 448px) 100vw, 448px\" \/><\/p>\n<p>Shkup, 12 maj &#8211; Kriza n\u00eb Ukrain\u00eb ka nxitur spekulime se mund t\u00eb sh\u00ebrbej\u00eb si nxitje p\u00ebr t\u00eb p\u00ebrshpejtuar procesin e integrimeve t\u00eb Maqedonis\u00eb n\u00eb NATO dhe n\u00eb BE. <\/p>\n<p>N\u00eb k\u00ebt\u00eb kontekst, mediat greke kan\u00eb raportuar se presidenti amerikan do t&#8217;u b\u00ebj\u00eb m\u00eb shum\u00eb presion Greqis\u00eb dhe Maqedonis\u00eb q\u00eb t&#8217;i zgjidhur kontestet. <\/p>\n<p>N\u00eb k\u00ebt\u00eb rast, potencohet fakti se administrata amerikane synon q\u00eb Maqedonia t\u00eb integrohet n\u00eb strukturat euro-atlantike t\u00eb siguris\u00eb, p\u00ebr t&#8217;i prer\u00eb rrug\u00ebn Rusis\u00eb q\u00eb t\u00eb realizoj\u00eb nj\u00eb skenar t\u00eb ngjash\u00ebm me at\u00eb n\u00eb Ukrain\u00eb. <\/p>\n<p>Analisti politik, Mersel Bilalli, ka th\u00ebn\u00eb p\u00ebr &#8220;Zhurnal&#8221; se sa me e thell\u00eb q\u00eb t\u00eb b\u00ebhet kriza politike n\u00eb Maqedoni, aq m\u00eb serioze \u00ebsht\u00eb qasja ndaj Maqedonis\u00eb. <\/p>\n<p>&#8220;N\u00eb k\u00ebso situate m\u00eb emergjente, amerikan\u00ebt n\u00eb m\u00ebnyr\u00eb m\u00eb serioze do t\u00eb angazhoheshin q\u00eb t\u00eb gjendej nj\u00eb formul\u00eb q\u00eb t\u00eb vendi t\u00eb an\u00ebtar\u00ebsohet n\u00eb NATO. Derisa situata politike \u00ebsht\u00eb n\u00eb k\u00ebt\u00eb gjendje, nuk besoj se do t\u00eb ket\u00eb nj\u00eb angazhim m\u00eb t\u00eb madh amerikan&#8221;. <\/p>\n<p>Bilalli thekson se tash tregohet nj\u00eb padurim n\u00eb aspektin e ngecjes s\u00eb integrimeve, dhe sa m\u00eb e madhe t\u00eb jet\u00eb kjo pak\u00ebnaq\u00ebsi aq m\u00eb leht\u00eb mund t\u00eb sigurohet rritja e interesimit amerikan dhe evropian p\u00ebr ta gjetur zgjidhje p\u00ebr Maqedonin\u00eb. <\/p>\n<p>Analisti Bilalli beson se koalicioni i pritur qeveritar nd\u00ebrmjet VMRO-s\u00eb dhe BDI-s\u00eb i ka handikap\u00ebt e veta serioze t\u00eb funksionimit, duke mos qen\u00eb shpres\u00eb p\u00ebr angazhim m\u00eb serioz p\u00ebr p\u00ebrmbushjen e kushteve t\u00eb k\u00ebrkuara p\u00ebr euro-integrimet. <\/p>\n<p>Nd\u00ebrkoh\u00eb, analisti politik Ismet Ramadani mendon se n\u00eb disa qendra nd\u00ebrkomb\u00ebtare t\u00eb vendosjes, politikan\u00eb e diplomat\u00eb me ndikim po japin shenja dhe iniciativa q\u00eb gjithsesi t\u00eb krijohen q\u00eb n\u00eb samitin e ardhsh\u00ebm t\u00eb ndodh\u00eb zgjerimi i NATO-s me marrjen e ftesave p\u00ebr an\u00ebtar\u00ebsim nga Maqedonia dhe Mali i Zi. <\/p>\n<p>&#8220;Mir\u00ebpo, fatkeq\u00ebsisht krijohet p\u00ebrshtypja se m\u00eb shum\u00eb jan\u00eb t\u00eb interesuar t\u00eb huajt sesa vet politika e brendshme n\u00eb Maqedoni, sidomos pala maqedonase q\u00eb e udh\u00ebheq kreun e shtetit&#8221;, ka th\u00ebn\u00eb Ramadani, n\u00eb nj\u00eb deklarat\u00eb t\u00eb m\u00ebhershme p\u00ebr &#8220;Zhurnal&#8221;. <\/p>\n<p>Nd\u00ebrkoh\u00eb, ish-ambasadori Nano Ruzhin mendon se \u00e7\u00ebshtja e emrit pritet t\u00eb dinamizohet edhe m\u00eb tej drejt zgjidhjes, p\u00ebr shkak se NATO-ja d\u00ebshiron q\u00eb edhe Maqedonin\u00eb ta fus\u00eb n\u00eb rrethin e nj\u00eb unaze gjeostrategjike p\u00ebrball\u00eb Rusis\u00eb. <\/p>\n<p>&#8220;N\u00eb k\u00ebt\u00eb linj\u00eb jan\u00eb Shqip\u00ebria dhe Bullgaria, nd\u00ebrsa n\u00eb an\u00ebn tjet\u00ebr aleanca veri-atlantike nuk ka ndonj\u00eb interes p\u00ebr ta an\u00ebtar\u00ebsuar Serbin\u00eb. Ngjarjet n\u00eb Ukrain\u00eb provokojn\u00eb rikonstruktimin e drejtp\u00ebrdrejt\u00eb t\u00eb Aleanc\u00ebs&#8221;, ka deklaruar Ruzhin. <\/p>\n<p>Nd\u00ebrsa, profesori universitar Vllado Popovski nuk pret q\u00eb Greqia t\u00eb heq\u00eb dor\u00eb nga q\u00ebndrimet dhe emrit n\u00eb raportet nd\u00ebrkomb\u00ebtare dhe n\u00eb p\u00ebrgjith\u00ebsi p\u00ebr \u00e7\u00ebshtje q\u00eb k\u00ebrkojn\u00eb ndryshime kushtetuese.<\/p>\n<p>&#8220;Nuk besoj se do t\u00eb ndryshoj\u00eb q\u00ebndrim p\u00ebr shkak t\u00eb situat\u00ebs n\u00eb Ukrain\u00eb. Nd\u00ebrkoh\u00eb, ka shenja se ndoshta qarqet m\u00eb konservatore t\u00eb politik\u00ebs greke jan\u00eb t\u00eb interesuar q\u00eb ta destabilizojn\u00eb Maqedonin\u00eb&#8221;, ka th\u00ebn\u00eb Popovski. (A.F.)<\/p>\n","protected":false},"excerpt":{"rendered":"<p>Shkup, 12 maj &#8211; Kriza n\u00eb Ukrain\u00eb ka nxitur spekulime se mund t\u00eb sh\u00ebrbej\u00eb si nxitje p\u00ebr t\u00eb p\u00ebrshpejtuar procesin e integrimeve t\u00eb Maqedonis\u00eb n\u00eb NATO dhe n\u00eb BE. N\u00eb k\u00ebt\u00eb kontekst, mediat greke kan\u00eb raportuar se presidenti amerikan do t&#8217;u b\u00ebj\u00eb m\u00eb shum\u00eb presion Greqis\u00eb dhe Maqedonis\u00eb q\u00eb t&#8217;i zgjidhur kontestet. N\u00eb k\u00ebt\u00eb rast, [&hellip;]<\/p>\n","protected":false},"author":1,"featured_media":49186,"comment_status":"open","ping_status":"open","sticky":false,"template":"","format":"standard","meta":{"footnotes":""},"categories":[1],"tags":[2361,888],"class_list":["post-6694","post","type-post","status-publish","format-standard","has-post-thumbnail","hentry","category-lajme","tag-amerika","tag-maqedonia"],"_links":{"self":[{"href":"https:\/\/prizrenpost.com\/al\/wp-json\/wp\/v2\/posts\/6694","targetHints":{"allow":["GET"]}}],"collection":[{"href":"https:\/\/prizrenpost.com\/al\/wp-json\/wp\/v2\/posts"}],"about":[{"href":"https:\/\/prizrenpost.com\/al\/wp-json\/wp\/v2\/types\/post"}],"author":[{"embeddable":true,"href":"https:\/\/prizrenpost.com\/al\/wp-json\/wp\/v2\/users\/1"}],"replies":[{"embeddable":true,"href":"https:\/\/prizrenpost.com\/al\/wp-json\/wp\/v2\/comments?post=6694"}],"version-history":[{"count":0,"href":"https:\/\/prizrenpost.com\/al\/wp-json\/wp\/v2\/posts\/6694\/revisions"}],"wp:featuredmedia":[{"embeddable":true,"href":"https:\/\/prizrenpost.com\/al\/wp-json\/wp\/v2\/media\/49186"}],"wp:attachment":[{"href":"https:\/\/prizrenpost.com\/al\/wp-json\/wp\/v2\/media?parent=6694"}],"wp:term":[{"taxonomy":"category","embeddable":true,"href":"https:\/\/prizrenpost.com\/al\/wp-json\/wp\/v2\/categories?post=6694"},{"taxonomy":"post_tag","embeddable":true,"href":"https:\/\/prizrenpost.com\/al\/wp-json\/wp\/v2\/tags?post=6694"}],"curies":[{"name":"wp","href":"https:\/\/api.w.org\/{rel}","templated":true}]}}