{"id":6724,"date":"2014-05-13T20:13:39","date_gmt":"2014-05-13T18:13:39","guid":{"rendered":"http:\/\/prizrenpost.com\/al\/?p=6724"},"modified":"2018-12-06T10:26:14","modified_gmt":"2018-12-06T09:26:14","slug":"reali-do-ti-mbaje-te-dy-portieret","status":"publish","type":"post","link":"https:\/\/prizrenpost.com\/al\/reali-do-ti-mbaje-te-dy-portieret\/","title":{"rendered":"Reali do t\u2019i mbaj\u00eb t\u00eb dy portier\u00ebt"},"content":{"rendered":"<p><img decoding=\"async\" src=\"https:\/\/prizrenpost.com\/al\/wp-content\/uploads\/2014\/05\/Casillas-1.jpg\" alt=\"\" width=\"100%\" height=\"\" class=\"alignleft size-full wp-image-49044\" srcset=\"https:\/\/prizrenpost.com\/al\/wp-content\/uploads\/2014\/05\/Casillas-1.jpg 640w, https:\/\/prizrenpost.com\/al\/wp-content\/uploads\/2014\/05\/Casillas-1-300x169.jpg 300w\" sizes=\"(max-width: 640px) 100vw, 640px\" \/><\/p>\n<p><strong>Shefat e Real Madridit kan\u00eb vendosur q\u00eb edhe n\u00eb sezonin e ardhsh\u00ebm t\u2019u besojn\u00eb portier\u00ebve aktual\u00eb.<\/strong><\/p>\n<p>Edhe pse ka ekzistuar nj\u00eb pak\u00ebnaq\u00ebsi te Iker Casillas p\u00ebr shkak t\u00eb humbjes s\u00eb pozit\u00ebs startuese, kapiteni \u00ebsht\u00eb i gatsh\u00ebm t\u00eb vazhdoj\u00eb t\u00eb luftoj\u00eb p\u00ebr vendin e tij.<\/p>\n<p>Nd\u00ebrkoh\u00eb, t\u00eb nj\u00ebjt\u00ebn gj\u00eb \u00ebsht\u00eb i gatsh\u00ebm ta b\u00ebj\u00eb edhe Diego Lopez, i cili ka th\u00ebn\u00eb se do t\u00eb largohet vet\u00ebm n\u00ebse k\u00ebt\u00eb ia k\u00ebrkon klubi.<\/p>\n<p>Bordi i Los Blancos d\u00ebshironte t\u00eb largoj\u00eb nj\u00ebrin nga portier\u00ebt dhe t\u00eb sjell\u00eb nj\u00eb tjet\u00ebr, porse ka vendosur t\u2019i mbaj\u00eb t\u00eb dy.<\/p>\n<p>Carlo Ancelotti gjat\u00eb k\u00ebtij edicioni e ka angazhuar Lopezin n\u00eb La Liga, kurse Casillas ka luajtur n\u00eb Kup\u00ebn e Mbretit dhe n\u00eb Lig\u00ebn e Kampion\u00ebve. <\/p>\n","protected":false},"excerpt":{"rendered":"<p>Shefat e Real Madridit kan\u00eb vendosur q\u00eb edhe n\u00eb sezonin e ardhsh\u00ebm t\u2019u besojn\u00eb portier\u00ebve aktual\u00eb. Edhe pse ka ekzistuar nj\u00eb pak\u00ebnaq\u00ebsi te Iker Casillas p\u00ebr shkak t\u00eb humbjes s\u00eb pozit\u00ebs startuese, kapiteni \u00ebsht\u00eb i gatsh\u00ebm t\u00eb vazhdoj\u00eb t\u00eb luftoj\u00eb p\u00ebr vendin e tij. Nd\u00ebrkoh\u00eb, t\u00eb nj\u00ebjt\u00ebn gj\u00eb \u00ebsht\u00eb i gatsh\u00ebm ta b\u00ebj\u00eb edhe Diego [&hellip;]<\/p>\n","protected":false},"author":1,"featured_media":49044,"comment_status":"open","ping_status":"open","sticky":false,"template":"","format":"standard","meta":{"footnotes":""},"categories":[7],"tags":[4886,1210],"class_list":["post-6724","post","type-post","status-publish","format-standard","has-post-thumbnail","hentry","category-sport","tag-iker-casillas","tag-real-madrid"],"_links":{"self":[{"href":"https:\/\/prizrenpost.com\/al\/wp-json\/wp\/v2\/posts\/6724","targetHints":{"allow":["GET"]}}],"collection":[{"href":"https:\/\/prizrenpost.com\/al\/wp-json\/wp\/v2\/posts"}],"about":[{"href":"https:\/\/prizrenpost.com\/al\/wp-json\/wp\/v2\/types\/post"}],"author":[{"embeddable":true,"href":"https:\/\/prizrenpost.com\/al\/wp-json\/wp\/v2\/users\/1"}],"replies":[{"embeddable":true,"href":"https:\/\/prizrenpost.com\/al\/wp-json\/wp\/v2\/comments?post=6724"}],"version-history":[{"count":0,"href":"https:\/\/prizrenpost.com\/al\/wp-json\/wp\/v2\/posts\/6724\/revisions"}],"wp:featuredmedia":[{"embeddable":true,"href":"https:\/\/prizrenpost.com\/al\/wp-json\/wp\/v2\/media\/49044"}],"wp:attachment":[{"href":"https:\/\/prizrenpost.com\/al\/wp-json\/wp\/v2\/media?parent=6724"}],"wp:term":[{"taxonomy":"category","embeddable":true,"href":"https:\/\/prizrenpost.com\/al\/wp-json\/wp\/v2\/categories?post=6724"},{"taxonomy":"post_tag","embeddable":true,"href":"https:\/\/prizrenpost.com\/al\/wp-json\/wp\/v2\/tags?post=6724"}],"curies":[{"name":"wp","href":"https:\/\/api.w.org\/{rel}","templated":true}]}}