{"id":6787,"date":"2014-05-14T23:31:43","date_gmt":"2014-05-14T21:31:43","guid":{"rendered":"http:\/\/prizrenpost.com\/al\/?p=6787"},"modified":"2018-12-10T20:54:28","modified_gmt":"2018-12-10T19:54:28","slug":"ne-zgjedhjet-e-8-qershorit-1786-929-votues","status":"publish","type":"post","link":"https:\/\/prizrenpost.com\/al\/ne-zgjedhjet-e-8-qershorit-1786-929-votues\/","title":{"rendered":"N\u00eb zgjedhjet e 8 qershorit 1,786, 929 votues"},"content":{"rendered":"<p><img decoding=\"async\" src=\"https:\/\/prizrenpost.com\/al\/wp-content\/uploads\/2014\/05\/numri-i-votuesve-1.jpg\" alt=\"\" width=\"100%\" height=\"\" class=\"alignleft size-full wp-image-49911\" srcset=\"https:\/\/prizrenpost.com\/al\/wp-content\/uploads\/2014\/05\/numri-i-votuesve-1.jpg 640w, https:\/\/prizrenpost.com\/al\/wp-content\/uploads\/2014\/05\/numri-i-votuesve-1-300x169.jpg 300w\" sizes=\"(max-width: 640px) 100vw, 640px\" \/><\/p>\n<p><strong>Nga lista preliminare e cila \u00ebsht\u00eb krijuar nga Komisioni Qendror\u00eb Zgjedhor (KQZ), procesit t\u00eb zgjedhjeve t\u00eb parakohshme q\u00eb do t\u00eb mbahen me 8 qershor, do t\u2019i n\u00ebnshtrohen gjithsej 1 milion e 786 mij\u00eb 929 votues.K\u00ebshtu \u00ebsht\u00eb th\u00ebn\u00eb sot gjat\u00eb nj\u00eb mbledhje q\u00eb ka mbajtur KQZ-ja, ku \u00ebsht\u00eb folur p\u00ebr procesin e p\u00ebrgjithsh\u00ebm t\u00eb p\u00ebrgatitjes p\u00ebr zgjedhje.<\/strong><\/p>\n<p> Enis Halimi, kryeshefi i Sekretariatit t\u00eb KQZ-s\u00eb, ka th\u00ebn\u00eb se n\u00eb baz\u00eb t\u00eb planit operacionale p\u00ebr sa i takon sh\u00ebrbimit t\u00eb votuese, m\u00eb 9 maj KQZ ka marr\u00eb ekstraktin e par\u00eb t\u00eb regjistrit qendror\u00eb civil, me q\u00ebllim krijimin e list\u00ebs preliminare t\u00eb votuesve.<\/p>\n<p>\u201cLista preliminare e votuesve p\u00ebr vitin 2014 p\u00ebrmban 1 milion e 786 mij\u00eb 929 votues, numri i votuesve t\u00eb rinj n\u00eb list\u00ebn preliminare t\u00eb votuesve \u00ebsht\u00eb 32 mij\u00eb e 190 nga k\u00ebta 20 mij\u00eb e 759 q\u00eb kan\u00eb mbushur mosh\u00ebn 18 vje\u00e7are pas 3 n\u00ebntorit t\u00eb vitit 2013 apo q\u00eb do ti mbushin 18 vjet deri m\u00eb 8 qershor 2014\u201d, ka th\u00ebn\u00eb Halimi.<\/p>\n<p>Ai gjithashtu ka pohuar se deri m\u00eb tani, nuk ka ndonj\u00eb problem t\u00eb identifikuar i cili mund t\u00eb rrezikonte procesin zgjedhor.<\/p>\n<p>E, nj\u00eb problem i vog\u00ebl me p\u00ebrfaq\u00ebsuesit e Komisionit Komunal\u00eb Zgjedhor\u00eb i ka dal\u00eb Aleanc\u00ebs Kosova e Re, e cila n\u00eb KKZ do t\u00eb p\u00ebrfaq\u00ebsohet si Koalicioni p\u00ebr Kosov\u00eb t\u00eb Re.<\/p>\n<p>An\u00ebtar\u00ebt e KQZ-s\u00eb kan\u00eb th\u00ebn\u00eb gjat\u00eb k\u00ebsaj mbledhje se t\u00eb gjitha partit\u00eb duhet t\u00eb p\u00ebrfaq\u00ebsohen n\u00eb KKZ ashtu si\u00e7 kan\u00eb qen\u00eb t\u00eb p\u00ebrfaq\u00ebsuara n\u00eb Kuvendin e Kosov\u00ebs.<\/p>\n<p>Adnan Rrustemi, an\u00ebtar i KQZ-s\u00eb nga L\u00ebvizja Vet\u00ebvendosje, ka th\u00ebn\u00eb se p\u00ebr shkak t\u00eb disa gabimeve teknike q\u00eb jan\u00eb p\u00ebrvjedhur, jan\u00eb ngjallur edhe keqkuptime p\u00ebr p\u00ebrfaq\u00ebsimin si AKR apo KKR.<\/p>\n<p>\u201cN\u00eb k\u00ebt\u00eb rast KKR-s\u00eb si subjekt politik q\u00eb p\u00ebrfaq\u00ebsohet n\u00eb Kuvendin e Kosov\u00ebs dhe vet\u00ebm si e till\u00eb mund t\u00eb p\u00ebrfaq\u00ebsohet edhe n\u00eb Komisionin Komunal\u00eb Zgjedhor. Aty si e till\u00eb ne i kemi rekomanduar sekretariatit q\u00eb n\u00eb t\u00eb gjitha rastet t\u00eb jet\u00eb KKR por si duket \u00ebsht\u00eb p\u00ebrvjedhur ndonj\u00eb gabim teknik\u201d, ka th\u00ebn\u00eb Rrustemi.<\/p>\n<p>E Aleanc\u00ebs Kosova e Re e cila n\u00eb Komisionin Komunal\u00eb Zgjedhor\u00eb do t\u00eb p\u00ebrfaq\u00ebsohet si Koalicion p\u00ebr Kosov\u00ebn e Re, do ti duhet q\u00eb p\u00ebrfaq\u00ebsuesin ta vendosin me marr\u00ebveshje.<\/p>\n<p>Koalicioni p\u00ebr Kosov\u00eb t\u00eb Re ishte i p\u00ebrb\u00ebr\u00eb nga AKR-ja, PD-ja dhe grupi E15.<\/p>\n<p>N\u00eb k\u00ebt\u00eb mbledhje t\u00eb KQZ-s\u00eb jan\u00eb miratuar em\u00ebrimet p\u00ebr komisionet komunale zgjedhore n\u00eb zgjedhjet 2014, e po ashtu \u00ebsht\u00eb miratuar edhe \u00e7regjistrimi i tri partive politike: Partia e Pensionist\u00ebve dhe Invalid\u00ebve, Lidhja e Egjiptian\u00ebve t\u00eb Kosov\u00ebs dhe Partia Socialiste e Kosov\u00ebs.<\/p>\n<p>Nd\u00ebrkoh\u00eb KQZ ka miratuar edhe tingullin, dizajnin dhe sloganin e fushat\u00ebs p\u00ebr informim publik.<\/p>\n<p>\u201cFuqia n\u00eb dor\u00ebn t\u00ebnde, VOTO!\u201d, do t\u00eb jet\u00eb slogani i k\u00ebtij procesi zgjedhor. \/Telegrafi\/<\/p>\n","protected":false},"excerpt":{"rendered":"<p>Nga lista preliminare e cila \u00ebsht\u00eb krijuar nga Komisioni Qendror\u00eb Zgjedhor (KQZ), procesit t\u00eb zgjedhjeve t\u00eb parakohshme q\u00eb do t\u00eb mbahen me 8 qershor, do t\u2019i n\u00ebnshtrohen gjithsej 1 milion e 786 mij\u00eb 929 votues.K\u00ebshtu \u00ebsht\u00eb th\u00ebn\u00eb sot gjat\u00eb nj\u00eb mbledhje q\u00eb ka mbajtur KQZ-ja, ku \u00ebsht\u00eb folur p\u00ebr procesin e p\u00ebrgjithsh\u00ebm t\u00eb p\u00ebrgatitjes p\u00ebr [&hellip;]<\/p>\n","protected":false},"author":1,"featured_media":49911,"comment_status":"open","ping_status":"open","sticky":false,"template":"","format":"standard","meta":{"footnotes":""},"categories":[1],"tags":[48,3448,1143],"class_list":["post-6787","post","type-post","status-publish","format-standard","has-post-thumbnail","hentry","category-lajme","tag-kosove","tag-kqz","tag-zgjedhjet"],"_links":{"self":[{"href":"https:\/\/prizrenpost.com\/al\/wp-json\/wp\/v2\/posts\/6787","targetHints":{"allow":["GET"]}}],"collection":[{"href":"https:\/\/prizrenpost.com\/al\/wp-json\/wp\/v2\/posts"}],"about":[{"href":"https:\/\/prizrenpost.com\/al\/wp-json\/wp\/v2\/types\/post"}],"author":[{"embeddable":true,"href":"https:\/\/prizrenpost.com\/al\/wp-json\/wp\/v2\/users\/1"}],"replies":[{"embeddable":true,"href":"https:\/\/prizrenpost.com\/al\/wp-json\/wp\/v2\/comments?post=6787"}],"version-history":[{"count":0,"href":"https:\/\/prizrenpost.com\/al\/wp-json\/wp\/v2\/posts\/6787\/revisions"}],"wp:featuredmedia":[{"embeddable":true,"href":"https:\/\/prizrenpost.com\/al\/wp-json\/wp\/v2\/media\/49911"}],"wp:attachment":[{"href":"https:\/\/prizrenpost.com\/al\/wp-json\/wp\/v2\/media?parent=6787"}],"wp:term":[{"taxonomy":"category","embeddable":true,"href":"https:\/\/prizrenpost.com\/al\/wp-json\/wp\/v2\/categories?post=6787"},{"taxonomy":"post_tag","embeddable":true,"href":"https:\/\/prizrenpost.com\/al\/wp-json\/wp\/v2\/tags?post=6787"}],"curies":[{"name":"wp","href":"https:\/\/api.w.org\/{rel}","templated":true}]}}