{"id":6793,"date":"2014-05-15T09:23:36","date_gmt":"2014-05-15T07:23:36","guid":{"rendered":"http:\/\/prizrenpost.com\/al\/?p=6793"},"modified":"2019-04-14T14:02:29","modified_gmt":"2019-04-14T12:02:29","slug":"restart-sekuestron-2-tone-droge-prangosen-2-poseduesit","status":"publish","type":"post","link":"https:\/\/prizrenpost.com\/al\/restart-sekuestron-2-tone-droge-prangosen-2-poseduesit\/","title":{"rendered":"&#8220;Restart&#8221;, sekuestron 2 ton\u00eb drog\u00eb, prangosen 2 poseduesit"},"content":{"rendered":"<p><img decoding=\"async\" src=\"https:\/\/prizrenpost.com\/al\/wp-content\/uploads\/2014\/05\/droge-makine-1.jpg\" alt=\"\" width=\"100%\" height=\"\" class=\"alignleft size-full wp-image-54496\" srcset=\"https:\/\/prizrenpost.com\/al\/wp-content\/uploads\/2014\/05\/droge-makine-1.jpg 520w, https:\/\/prizrenpost.com\/al\/wp-content\/uploads\/2014\/05\/droge-makine-1-300x213.jpg 300w\" sizes=\"(max-width: 520px) 100vw, 520px\" \/><\/p>\n<p><strong>Tiran\u00eb &#8211; N\u00eb kuad\u00ebr t\u00eb operacionit \u201cRestart\u201d, forcat policore kan\u00eb sekuestruar 2 ton\u00eb l\u00ebnd\u00eb narkotike e llojit kanabis sativa.<\/strong><\/p>\n<p>Droga ndodhej n\u00eb furgonin tip \u201cMercedes\u201d me targa AA 002 IB, i cili u ndalua n\u00eb hyrje t\u00eb autostrad\u00ebs s\u00eb Vlor\u00ebs m\u00ebngjesin e sot\u00ebm.<\/p>\n<p>Autoritetet lokale kan\u00eb v\u00ebn\u00eb n\u00eb pranga dy poseduesit e l\u00ebnd\u00ebs narkotike, p\u00ebrkat\u00ebsisht drejtuesin e furgonit, Armando Ku\u00e7in nga Fieri dhe Julian Byzyk\u00ebn, drejtuesi i nj\u00eb makine tip \u201cFiat\u201d me targa AA 262 FV, e cila shoq\u00ebronte furgonin me drog\u00eb.<\/p>\n<p>Nga raportimet e dh\u00ebna n\u00eb m\u00ebnyr\u00eb paraprake, droga \u00ebsht\u00eb bler\u00eb n\u00eb Lazarat dhe kishte destinacion shtetin fqinj Italin\u00eb, vend n\u00eb t\u00eb cilin malli do t\u00eb transportohej p\u00ebrmes rrug\u00ebve detare.<\/p>\n<p> Nd\u00ebrkoh\u00eb, policia ka shpallur n\u00eb k\u00ebrkim edhe dy persona t\u00eb tjer\u00eb, t\u00eb cil\u00ebt dyshohen t\u00eb jen\u00eb pjes\u00eb e k\u00ebtij trafiku narkotik\u00ebsh. <\/p>\n","protected":false},"excerpt":{"rendered":"<p>Tiran\u00eb &#8211; N\u00eb kuad\u00ebr t\u00eb operacionit \u201cRestart\u201d, forcat policore kan\u00eb sekuestruar 2 ton\u00eb l\u00ebnd\u00eb narkotike e llojit kanabis sativa. Droga ndodhej n\u00eb furgonin tip \u201cMercedes\u201d me targa AA 002 IB, i cili u ndalua n\u00eb hyrje t\u00eb autostrad\u00ebs s\u00eb Vlor\u00ebs m\u00ebngjesin e sot\u00ebm. Autoritetet lokale kan\u00eb v\u00ebn\u00eb n\u00eb pranga dy poseduesit e l\u00ebnd\u00ebs narkotike, p\u00ebrkat\u00ebsisht [&hellip;]<\/p>\n","protected":false},"author":1,"featured_media":54496,"comment_status":"open","ping_status":"open","sticky":false,"template":"","format":"standard","meta":{"footnotes":""},"categories":[1],"tags":[2836,52],"class_list":["post-6793","post","type-post","status-publish","format-standard","has-post-thumbnail","hentry","category-lajme","tag-narkotiket","tag-shqiperi"],"_links":{"self":[{"href":"https:\/\/prizrenpost.com\/al\/wp-json\/wp\/v2\/posts\/6793","targetHints":{"allow":["GET"]}}],"collection":[{"href":"https:\/\/prizrenpost.com\/al\/wp-json\/wp\/v2\/posts"}],"about":[{"href":"https:\/\/prizrenpost.com\/al\/wp-json\/wp\/v2\/types\/post"}],"author":[{"embeddable":true,"href":"https:\/\/prizrenpost.com\/al\/wp-json\/wp\/v2\/users\/1"}],"replies":[{"embeddable":true,"href":"https:\/\/prizrenpost.com\/al\/wp-json\/wp\/v2\/comments?post=6793"}],"version-history":[{"count":0,"href":"https:\/\/prizrenpost.com\/al\/wp-json\/wp\/v2\/posts\/6793\/revisions"}],"wp:featuredmedia":[{"embeddable":true,"href":"https:\/\/prizrenpost.com\/al\/wp-json\/wp\/v2\/media\/54496"}],"wp:attachment":[{"href":"https:\/\/prizrenpost.com\/al\/wp-json\/wp\/v2\/media?parent=6793"}],"wp:term":[{"taxonomy":"category","embeddable":true,"href":"https:\/\/prizrenpost.com\/al\/wp-json\/wp\/v2\/categories?post=6793"},{"taxonomy":"post_tag","embeddable":true,"href":"https:\/\/prizrenpost.com\/al\/wp-json\/wp\/v2\/tags?post=6793"}],"curies":[{"name":"wp","href":"https:\/\/api.w.org\/{rel}","templated":true}]}}