{"id":7029,"date":"2014-05-21T14:14:17","date_gmt":"2014-05-21T12:14:17","guid":{"rendered":"http:\/\/prizrenpost.com\/al\/?p=7029"},"modified":"2021-02-23T11:50:04","modified_gmt":"2021-02-23T10:50:04","slug":"situate-e-jashtezakonshme-ne-bregun-e-lumit-danub","status":"publish","type":"post","link":"https:\/\/prizrenpost.com\/al\/situate-e-jashtezakonshme-ne-bregun-e-lumit-danub\/","title":{"rendered":"Situat\u00eb e jasht\u00ebzakonshme n\u00eb bregun e lumit Danub"},"content":{"rendered":"<p><img decoding=\"async\" src=\"https:\/\/prizrenpost.com\/al\/wp-content\/uploads\/2019\/07\/prizren-post-logo-lajme.png\" alt=\"\" width=\"100%\" height=\"\" class=\"alignleft size-full wp-image-55903\" srcset=\"https:\/\/prizrenpost.com\/al\/wp-content\/uploads\/2019\/07\/prizren-post-logo-lajme.png 1000w, https:\/\/prizrenpost.com\/al\/wp-content\/uploads\/2019\/07\/prizren-post-logo-lajme-300x150.png 300w, https:\/\/prizrenpost.com\/al\/wp-content\/uploads\/2019\/07\/prizren-post-logo-lajme-768x384.png 768w\" sizes=\"(max-width: 1000px) 100vw, 1000px\" \/><\/p>\n<p><strong>Beograd &#8211; Shtabi p\u00ebr situata t\u00eb jasht\u00ebzakonshme t\u00eb qytetit serb Smederevo n\u00eb bregun e lumit Danub publikoi sot fillimi i evakuimit t\u00eb fshatrave p\u00ebrreth, uikend zona dhe vendbanime t\u00eb tjera, njoftoi ITAR-TASS.<\/strong> <\/p>\n<p>Masa parandaluese jan\u00eb marr\u00eb p\u00ebr shkak t\u00eb rritjes s\u00eb pritur n\u00eb dit\u00ebt e ardhshme t\u00eb nivelit t\u00eb lumti Danub,  n\u00eb t\u00eb cilin  derdhet lumi Sava n\u00eb af\u00ebrsi t\u00eb Beogradit. <\/p>\n<p>Sipas parashikimit  t\u00eb motit, niveli m\u00eb i lart\u00eb i ujit do t\u00eb arrihet m\u00eb 23 maj. Kryetari i komun\u00ebs s\u00eb Beogradit Sinisha Mali deklaroi se momentalisht niveli i lumit  \u00ebsht\u00eb 610 centimetra q\u00eb pritet m\u00eb 23 maj  t\u00eb arrij\u00eb 690 centimetra. Sipas tij kryetari  i Serbis\u00eb \u00ebsht\u00eb mir\u00eb i mbrojtur nga vala e re e lumenjve Danub dhe Sava. <\/p>\n<p>Rreth 200 n\u00ebpun\u00ebsve dhe 500 vullnetar\u00ebve kan\u00eb nd\u00ebrtuar dig\u00eb mbrojt\u00ebse me gjat\u00ebsi prej 650 metra dhe me lart\u00ebsi prej 1,2 metra n\u00ebp\u00ebr rrjedh\u00ebn e Danubit n\u00eb Zemun.<\/p>\n","protected":false},"excerpt":{"rendered":"<p>Beograd &#8211; Shtabi p\u00ebr situata t\u00eb jasht\u00ebzakonshme t\u00eb qytetit serb Smederevo n\u00eb bregun e lumit Danub publikoi sot fillimi i evakuimit t\u00eb fshatrave p\u00ebrreth, uikend zona dhe vendbanime t\u00eb tjera, njoftoi ITAR-TASS. Masa parandaluese jan\u00eb marr\u00eb p\u00ebr shkak t\u00eb rritjes s\u00eb pritur n\u00eb dit\u00ebt e ardhshme t\u00eb nivelit t\u00eb lumti Danub, n\u00eb t\u00eb cilin derdhet [&hellip;]<\/p>\n","protected":false},"author":1,"featured_media":55903,"comment_status":"open","ping_status":"open","sticky":false,"template":"","format":"standard","meta":{"footnotes":""},"categories":[1],"tags":[1233,885],"class_list":["post-7029","post","type-post","status-publish","format-standard","has-post-thumbnail","hentry","category-lajme","tag-permbytje","tag-serbi"],"_links":{"self":[{"href":"https:\/\/prizrenpost.com\/al\/wp-json\/wp\/v2\/posts\/7029","targetHints":{"allow":["GET"]}}],"collection":[{"href":"https:\/\/prizrenpost.com\/al\/wp-json\/wp\/v2\/posts"}],"about":[{"href":"https:\/\/prizrenpost.com\/al\/wp-json\/wp\/v2\/types\/post"}],"author":[{"embeddable":true,"href":"https:\/\/prizrenpost.com\/al\/wp-json\/wp\/v2\/users\/1"}],"replies":[{"embeddable":true,"href":"https:\/\/prizrenpost.com\/al\/wp-json\/wp\/v2\/comments?post=7029"}],"version-history":[{"count":1,"href":"https:\/\/prizrenpost.com\/al\/wp-json\/wp\/v2\/posts\/7029\/revisions"}],"predecessor-version":[{"id":63337,"href":"https:\/\/prizrenpost.com\/al\/wp-json\/wp\/v2\/posts\/7029\/revisions\/63337"}],"wp:featuredmedia":[{"embeddable":true,"href":"https:\/\/prizrenpost.com\/al\/wp-json\/wp\/v2\/media\/55903"}],"wp:attachment":[{"href":"https:\/\/prizrenpost.com\/al\/wp-json\/wp\/v2\/media?parent=7029"}],"wp:term":[{"taxonomy":"category","embeddable":true,"href":"https:\/\/prizrenpost.com\/al\/wp-json\/wp\/v2\/categories?post=7029"},{"taxonomy":"post_tag","embeddable":true,"href":"https:\/\/prizrenpost.com\/al\/wp-json\/wp\/v2\/tags?post=7029"}],"curies":[{"name":"wp","href":"https:\/\/api.w.org\/{rel}","templated":true}]}}