{"id":7033,"date":"2014-05-21T23:01:52","date_gmt":"2014-05-21T21:01:52","guid":{"rendered":"http:\/\/prizrenpost.com\/al\/?p=7033"},"modified":"2021-02-23T11:48:58","modified_gmt":"2021-02-23T10:48:58","slug":"gjobe-nga-700-euro-per-dhunuesit-e-mbremshem","status":"publish","type":"post","link":"https:\/\/prizrenpost.com\/al\/gjobe-nga-700-euro-per-dhunuesit-e-mbremshem\/","title":{"rendered":"Gjob\u00eb nga 700 euro p\u00ebr dhunuesit e mbr\u00ebmsh\u00ebm"},"content":{"rendered":"<p><img decoding=\"async\" src=\"https:\/\/prizrenpost.com\/al\/wp-content\/uploads\/2019\/07\/prizren-post-logo-lajme.png\" alt=\"\" width=\"100%\" height=\"\" class=\"alignleft size-full wp-image-55903\" srcset=\"https:\/\/prizrenpost.com\/al\/wp-content\/uploads\/2019\/07\/prizren-post-logo-lajme.png 1000w, https:\/\/prizrenpost.com\/al\/wp-content\/uploads\/2019\/07\/prizren-post-logo-lajme-300x150.png 300w, https:\/\/prizrenpost.com\/al\/wp-content\/uploads\/2019\/07\/prizren-post-logo-lajme-768x384.png 768w\" sizes=\"(max-width: 1000px) 100vw, 1000px\" \/><\/p>\n<p><strong>Shkup \u2013 Pes\u00eb personave nga gjithsej 27 t\u00eb arrestuar gjat\u00eb mbr\u00ebmjes s\u00eb djeshme n\u00eb Gjor\u00e7e Petrov iu \u00ebsht\u00eb shqiptuar masa: 7 dit\u00eb paraburgim dhe padi penale p\u00ebr sjellje t\u00eb dhunshme, kan\u00eb pohuar mediat maqedonase.<\/strong> <\/p>\n<p>K\u00ebtyre personave gjithashtu iu \u00ebsht\u00eb shqiptuar gjob\u00eb prej 700 euro p\u00ebr pjes\u00ebmarrje n\u00eb turme dhe dhun\u00eb t\u00eb shkaktuar. <\/p>\n<p>Nd\u00ebrkaq, t\u00eb gjith\u00eb 22 persona t\u00eb tjer\u00eb t\u00eb arrestuar mbr\u00ebm\u00eb jan\u00eb gjobitur me nga 700 euro dhe nuk dihet n\u00ebse jan\u00eb l\u00ebt\u00eb t\u00eb lir\u00eb ose mbahen ende t\u00eb arrestuar. <\/p>\n<p>Ndryshe, n\u00eb lagjen Gjor\u00e7e Petrov mbr\u00ebm\u00eb dhe parmbr\u00ebm\u00eb jan\u00eb d\u00ebmtuar pronat e shqiptar\u00ebve duke u thyer dhe duke djegur dyqane dhe makina.\/zhurnal\/  <\/p>\n","protected":false},"excerpt":{"rendered":"<p>Shkup \u2013 Pes\u00eb personave nga gjithsej 27 t\u00eb arrestuar gjat\u00eb mbr\u00ebmjes s\u00eb djeshme n\u00eb Gjor\u00e7e Petrov iu \u00ebsht\u00eb shqiptuar masa: 7 dit\u00eb paraburgim dhe padi penale p\u00ebr sjellje t\u00eb dhunshme, kan\u00eb pohuar mediat maqedonase. K\u00ebtyre personave gjithashtu iu \u00ebsht\u00eb shqiptuar gjob\u00eb prej 700 euro p\u00ebr pjes\u00ebmarrje n\u00eb turme dhe dhun\u00eb t\u00eb shkaktuar. Nd\u00ebrkaq, t\u00eb gjith\u00eb [&hellip;]<\/p>\n","protected":false},"author":1,"featured_media":55903,"comment_status":"open","ping_status":"open","sticky":false,"template":"","format":"standard","meta":{"footnotes":""},"categories":[1],"tags":[1002,946],"class_list":["post-7033","post","type-post","status-publish","format-standard","has-post-thumbnail","hentry","category-lajme","tag-maqedoni","tag-shkup"],"_links":{"self":[{"href":"https:\/\/prizrenpost.com\/al\/wp-json\/wp\/v2\/posts\/7033","targetHints":{"allow":["GET"]}}],"collection":[{"href":"https:\/\/prizrenpost.com\/al\/wp-json\/wp\/v2\/posts"}],"about":[{"href":"https:\/\/prizrenpost.com\/al\/wp-json\/wp\/v2\/types\/post"}],"author":[{"embeddable":true,"href":"https:\/\/prizrenpost.com\/al\/wp-json\/wp\/v2\/users\/1"}],"replies":[{"embeddable":true,"href":"https:\/\/prizrenpost.com\/al\/wp-json\/wp\/v2\/comments?post=7033"}],"version-history":[{"count":1,"href":"https:\/\/prizrenpost.com\/al\/wp-json\/wp\/v2\/posts\/7033\/revisions"}],"predecessor-version":[{"id":63335,"href":"https:\/\/prizrenpost.com\/al\/wp-json\/wp\/v2\/posts\/7033\/revisions\/63335"}],"wp:featuredmedia":[{"embeddable":true,"href":"https:\/\/prizrenpost.com\/al\/wp-json\/wp\/v2\/media\/55903"}],"wp:attachment":[{"href":"https:\/\/prizrenpost.com\/al\/wp-json\/wp\/v2\/media?parent=7033"}],"wp:term":[{"taxonomy":"category","embeddable":true,"href":"https:\/\/prizrenpost.com\/al\/wp-json\/wp\/v2\/categories?post=7033"},{"taxonomy":"post_tag","embeddable":true,"href":"https:\/\/prizrenpost.com\/al\/wp-json\/wp\/v2\/tags?post=7033"}],"curies":[{"name":"wp","href":"https:\/\/api.w.org\/{rel}","templated":true}]}}