{"id":7203,"date":"2014-06-03T15:39:21","date_gmt":"2014-06-03T13:39:21","guid":{"rendered":"http:\/\/prizrenpost.com\/al\/?p=7203"},"modified":"2018-10-21T13:48:45","modified_gmt":"2018-10-21T11:48:45","slug":"fule-duhet-integruar-vendet-e-ballkanit-perendimor-ne-be","status":"publish","type":"post","link":"https:\/\/prizrenpost.com\/al\/fule-duhet-integruar-vendet-e-ballkanit-perendimor-ne-be\/","title":{"rendered":"Fule: Duhet integruar vendet e Ballkanit Per\u00ebndimor n\u00eb BE"},"content":{"rendered":"<p><img decoding=\"async\" src=\"https:\/\/prizrenpost.com\/al\/wp-content\/uploads\/2014\/06\/fule-1.jpg\" alt=\"\" width=\"100%\" height=\"\" class=\"alignleft size-full wp-image-47141\" srcset=\"https:\/\/prizrenpost.com\/al\/wp-content\/uploads\/2014\/06\/fule-1.jpg 719w, https:\/\/prizrenpost.com\/al\/wp-content\/uploads\/2014\/06\/fule-1-300x179.jpg 300w\" sizes=\"(max-width: 719px) 100vw, 719px\" \/><\/p>\n<p><strong>Vien\u00eb &#8211; 100 vjet nga Lufta e Par\u00eb Bot\u00ebrore, n\u00eb Vjen\u00eb \u00ebsht\u00eb mbajtur konferenca p\u00ebr vendet e Ballkanit Per\u00ebndimor.  Komisioneri p\u00ebr Zgjerim, Stefan Fule duke folur n\u00eb k\u00ebt\u00eb takim tha se procesi i zgjerimit t\u00eb Bashkimit Evropian \u00ebsht\u00eb nj\u00eb histori suksese, e cila ende nuk \u00ebsht\u00eb p\u00ebrmbyllur.<\/strong><\/p>\n<p>\u201cKemi nj\u00eb arritje historike p\u00ebr t\u00eb cil\u00ebn, BE me t\u00eb drejt\u00eb mund t\u00eb jet\u00eb krenare dhe nuk \u00ebsht\u00eb surpriz\u00eb q\u00eb roli q\u00eb procesi i zgjerimit luan u reflektua edhe n\u00eb \u00e7mimin e Nobelit p\u00ebr Paqen, q\u00eb BE mori n\u00eb vitin 2012\u201d, tha Fule.<\/p>\n<p>Komisioneri tha se ndihet krenar q\u00eb BE, pavar\u00ebsisht sfidave vazhdon t\u00eb frym\u00ebzoj\u00eb njer\u00ebzit jasht\u00eb unionit. \u201cKjo nuk ka t\u00eb b\u00ebj\u00eb vet\u00ebm me premtimin p\u00ebr nj\u00eb jet\u00eb m\u00eb t\u00eb mir\u00eb, por s\u00eb pari p\u00ebr vlerat p\u00ebr t\u00eb cilat BE q\u00ebndron dhe lufton.\u201d<\/p>\n<p>Por, nga ana tjet\u00ebr ai shtoi se zgjerimi ka sjell\u00eb dhe ngritjen e dyshimeve lidhur me p\u00ebrgatitjen e vendeve t\u00eb reja an\u00ebtare. \u201cP\u00ebr k\u00ebt\u00eb kemi mbajtur nj\u00eb proces t\u00eb rrept\u00eb, por t\u00eb drejt\u00eb.\u201d<\/p>\n<p>\u201cDera e BE-s\u00eb mbetet e hapur p\u00ebr vendet e Ballkanit Per\u00ebndimor. T\u00eb gjith\u00eb biem dakord se kjo \u00ebsht\u00eb e vetmja rrug\u00eb p\u00ebr t\u00eb siguruar stabilitet dhe paqe n\u00eb k\u00ebt\u00eb rajon t\u00eb Evrop\u00ebs, q\u00eb ka qen\u00eb i pllakosur nga konfliktet p\u00ebr shum\u00eb koh\u00eb.<\/p>\n<p>\u201c\u00cbsht\u00eb n\u00eb dor\u00eb t\u00eb lider\u00ebve politike p\u00ebr t\u00eb b\u00ebr\u00eb realitet pritshm\u00ebrin\u00eb e qytetar\u00ebve t\u00eb tyre dhe p\u00ebr t\u00eb nd\u00ebrmarr\u00eb reformat e nevojshme \u2013 jo vet\u00ebm p\u00ebr p\u00ebrfitimet e Evrop\u00ebs, por p\u00ebr t\u00eb gjith\u00eb qytetar\u00ebt.<\/p>\n<p>\u201cN\u00eb Ballkan u hap zjarri i Luft\u00ebs s\u00eb Par\u00eb Bot\u00ebrore. Sot, 100 vjet m\u00eb pas, ne duhet t\u2019i q\u00ebndrojm\u00eb me vendosm\u00ebri angazhimit ton\u00eb p\u00ebr t\u00eb integruar t\u00eb gjith\u00eb vendet e Ballkanit Per\u00ebndimor n\u00eb familjen e Bashkimit Evropian, p\u00ebr t\u2019i ankoruar n\u00eb m\u00ebnyr\u00eb t\u00eb vendosur dhe t\u00eb q\u00ebndrueshme n\u00eb paqe dhe stabilitet\u201d, \u00ebsht\u00eb shprehur Fule.\/shekulli\/<\/p>\n","protected":false},"excerpt":{"rendered":"<p>Vien\u00eb &#8211; 100 vjet nga Lufta e Par\u00eb Bot\u00ebrore, n\u00eb Vjen\u00eb \u00ebsht\u00eb mbajtur konferenca p\u00ebr vendet e Ballkanit Per\u00ebndimor. Komisioneri p\u00ebr Zgjerim, Stefan Fule duke folur n\u00eb k\u00ebt\u00eb takim tha se procesi i zgjerimit t\u00eb Bashkimit Evropian \u00ebsht\u00eb nj\u00eb histori suksese, e cila ende nuk \u00ebsht\u00eb p\u00ebrmbyllur. \u201cKemi nj\u00eb arritje historike p\u00ebr t\u00eb cil\u00ebn, BE [&hellip;]<\/p>\n","protected":false},"author":1,"featured_media":47141,"comment_status":"open","ping_status":"open","sticky":false,"template":"","format":"standard","meta":{"footnotes":""},"categories":[1],"tags":[895,1057,4451],"class_list":["post-7203","post","type-post","status-publish","format-standard","has-post-thumbnail","hentry","category-lajme","tag-ballkani","tag-bashkimi-europian","tag-stefan-fule"],"_links":{"self":[{"href":"https:\/\/prizrenpost.com\/al\/wp-json\/wp\/v2\/posts\/7203","targetHints":{"allow":["GET"]}}],"collection":[{"href":"https:\/\/prizrenpost.com\/al\/wp-json\/wp\/v2\/posts"}],"about":[{"href":"https:\/\/prizrenpost.com\/al\/wp-json\/wp\/v2\/types\/post"}],"author":[{"embeddable":true,"href":"https:\/\/prizrenpost.com\/al\/wp-json\/wp\/v2\/users\/1"}],"replies":[{"embeddable":true,"href":"https:\/\/prizrenpost.com\/al\/wp-json\/wp\/v2\/comments?post=7203"}],"version-history":[{"count":0,"href":"https:\/\/prizrenpost.com\/al\/wp-json\/wp\/v2\/posts\/7203\/revisions"}],"wp:featuredmedia":[{"embeddable":true,"href":"https:\/\/prizrenpost.com\/al\/wp-json\/wp\/v2\/media\/47141"}],"wp:attachment":[{"href":"https:\/\/prizrenpost.com\/al\/wp-json\/wp\/v2\/media?parent=7203"}],"wp:term":[{"taxonomy":"category","embeddable":true,"href":"https:\/\/prizrenpost.com\/al\/wp-json\/wp\/v2\/categories?post=7203"},{"taxonomy":"post_tag","embeddable":true,"href":"https:\/\/prizrenpost.com\/al\/wp-json\/wp\/v2\/tags?post=7203"}],"curies":[{"name":"wp","href":"https:\/\/api.w.org\/{rel}","templated":true}]}}