{"id":7249,"date":"2014-06-05T14:06:04","date_gmt":"2014-06-05T12:06:04","guid":{"rendered":"http:\/\/prizrenpost.com\/al\/?p=7249"},"modified":"2018-12-06T10:44:08","modified_gmt":"2018-12-06T09:44:08","slug":"reformat-e-reja-franceze-me-peshe-me-te-madhe-ne-evrope","status":"publish","type":"post","link":"https:\/\/prizrenpost.com\/al\/reformat-e-reja-franceze-me-peshe-me-te-madhe-ne-evrope\/","title":{"rendered":"Reformat e reja franceze me pesh\u00eb m\u00eb t\u00eb madhe n\u00eb Evrop\u00eb"},"content":{"rendered":"<p><img decoding=\"async\" src=\"https:\/\/prizrenpost.com\/al\/wp-content\/uploads\/2014\/06\/franca-1.jpg\" alt=\"\" width=\"100%\" height=\"\" class=\"alignleft size-full wp-image-49072\" srcset=\"https:\/\/prizrenpost.com\/al\/wp-content\/uploads\/2014\/06\/franca-1.jpg 460w, https:\/\/prizrenpost.com\/al\/wp-content\/uploads\/2014\/06\/franca-1-300x200.jpg 300w\" sizes=\"(max-width: 460px) 100vw, 460px\" \/><\/p>\n<p><strong>Paris &#8211; Reforma territoriale e shpallur nga Fran\u00e7ois Hollande duhet t\u2019i jap\u00eb rajoneve franceze pesh\u00eb m\u00eb t\u00eb madhe n\u00eb politik\u00ebn evropiane. Ata jan\u00eb duke luftuar p\u00ebr t\u00eb konkurruar me homolog\u00ebt e tyre n\u00eb Gjermani, Itali dhe Spanj\u00eb. \u201cFranca \u00ebsht\u00eb nj\u00eb vend i centralizuar\u201d, ka deklaruar Alain Rousset, President i Shoqat\u00ebs s\u00eb Rajoneve franceze.<\/strong> <\/p>\n<p>Megjithat\u00eb, kjo nuk mund t\u00eb jet\u00eb e v\u00ebrtet\u00eb p\u00ebr koh\u00eb t\u00eb gjat\u00eb. Rajonet franceze jan\u00eb t\u00eb vendosura p\u00ebr tu rritur mbi faz\u00ebn evropiane, n\u00eb saj\u00eb t\u00eb reformave territoriale q\u00eb njoftoi m\u00eb 3 qershor Presidenti francez, Fran\u00e7ois Hollande. <\/p>\n<p>\u201cRishikimi i kufijve territorial\u00eb do t\u2019u jap\u00eb rajoneve franceze nj\u00eb z\u00eb m\u00eb t\u00eb madh n\u00eb politik\u00ebn evropiane. N\u00eb m\u00ebnyr\u00eb q\u00eb t\u00eb ato t\u00eb p\u00ebrforcohen, un\u00eb propozoj reduktimin e numrit t\u00eb tyre nga 22 n\u00eb 14. Ata do t\u00eb jen\u00eb t\u00eb madh\u00ebsis\u00eb evropiane dhe t\u00eb afta p\u00ebr t\u00eb nd\u00ebrtuar strategjit\u00eb territoriale. N\u00eb t\u00eb ardhmen, k\u00ebto rajone t\u00eb m\u00ebdha do t\u00eb jen\u00eb trupat e vet\u00ebm t\u00eb aft\u00eb p\u00ebr t\u00eb mb\u00ebshtetur bizneset, zbatimin e politikave p\u00ebr trajnim dhe pun\u00ebsim, dhe nd\u00ebrhyrjen n\u00eb transport, duke p\u00ebrfshir\u00eb trenat rajonal\u00eb, autobus\u00ebt, rrug\u00ebt, aeroportet dhe portet. Ata gjithashtu do t\u00eb menaxhojn\u00eb arsimin e nivelit t\u00eb mes\u00ebm, planifikimin e komunitetit dhe infrastrukturat e m\u00ebdha\u201d,- ka th\u00ebn\u00eb Fran\u00e7ois Hollande, n\u00eb nj\u00eb deklarat\u00eb p\u00ebr propozimin.<\/p>\n<p>Edhe pse reforma territoriale do t\u00eb jet\u00eb problematike n\u00eb Franc\u00eb, ajo \u00ebsht\u00eb konsideruar nj\u00eb lajm i mir\u00eb n\u00eb nj\u00eb nivel evropian dhe pjes\u00eb e nj\u00eb prirje m\u00eb t\u00eb madhe evropiane. Megjithat\u00eb, riorganizimi territorial mund t\u00eb shkaktoj\u00eb probleme t\u00eb tjera. Fondet evropiane tashm\u00eb jan\u00eb ndar\u00eb p\u00ebr periudh\u00ebn 2014-2020. Kjo do t\u00eb duhet t\u00eb shqyrtohet n\u00eb drit\u00ebn e zhvillimeve t\u00eb fundit n\u00eb Franc\u00eb.<\/p>\n<p>Sipas nj\u00eb studimi nga Instituti Thomas More, rajonet jan\u00eb \u201ckorniza e referenc\u00ebs\u201d e organizatave territoriale n\u00eb 12 shtetet an\u00ebtare t\u00eb BE-s\u00eb q\u00eb ata kan\u00eb studiuar.\/shekulli\/<\/p>\n","protected":false},"excerpt":{"rendered":"<p>Paris &#8211; Reforma territoriale e shpallur nga Fran\u00e7ois Hollande duhet t\u2019i jap\u00eb rajoneve franceze pesh\u00eb m\u00eb t\u00eb madhe n\u00eb politik\u00ebn evropiane. Ata jan\u00eb duke luftuar p\u00ebr t\u00eb konkurruar me homolog\u00ebt e tyre n\u00eb Gjermani, Itali dhe Spanj\u00eb. \u201cFranca \u00ebsht\u00eb nj\u00eb vend i centralizuar\u201d, ka deklaruar Alain Rousset, President i Shoqat\u00ebs s\u00eb Rajoneve franceze. Megjithat\u00eb, kjo [&hellip;]<\/p>\n","protected":false},"author":1,"featured_media":49072,"comment_status":"open","ping_status":"open","sticky":false,"template":"","format":"standard","meta":{"footnotes":""},"categories":[1],"tags":[1057,1500,3261],"class_list":["post-7249","post","type-post","status-publish","format-standard","has-post-thumbnail","hentry","category-lajme","tag-bashkimi-europian","tag-franca","tag-reforma"],"_links":{"self":[{"href":"https:\/\/prizrenpost.com\/al\/wp-json\/wp\/v2\/posts\/7249","targetHints":{"allow":["GET"]}}],"collection":[{"href":"https:\/\/prizrenpost.com\/al\/wp-json\/wp\/v2\/posts"}],"about":[{"href":"https:\/\/prizrenpost.com\/al\/wp-json\/wp\/v2\/types\/post"}],"author":[{"embeddable":true,"href":"https:\/\/prizrenpost.com\/al\/wp-json\/wp\/v2\/users\/1"}],"replies":[{"embeddable":true,"href":"https:\/\/prizrenpost.com\/al\/wp-json\/wp\/v2\/comments?post=7249"}],"version-history":[{"count":0,"href":"https:\/\/prizrenpost.com\/al\/wp-json\/wp\/v2\/posts\/7249\/revisions"}],"wp:featuredmedia":[{"embeddable":true,"href":"https:\/\/prizrenpost.com\/al\/wp-json\/wp\/v2\/media\/49072"}],"wp:attachment":[{"href":"https:\/\/prizrenpost.com\/al\/wp-json\/wp\/v2\/media?parent=7249"}],"wp:term":[{"taxonomy":"category","embeddable":true,"href":"https:\/\/prizrenpost.com\/al\/wp-json\/wp\/v2\/categories?post=7249"},{"taxonomy":"post_tag","embeddable":true,"href":"https:\/\/prizrenpost.com\/al\/wp-json\/wp\/v2\/tags?post=7249"}],"curies":[{"name":"wp","href":"https:\/\/api.w.org\/{rel}","templated":true}]}}