{"id":7409,"date":"2014-06-11T11:52:35","date_gmt":"2014-06-11T09:52:35","guid":{"rendered":"http:\/\/prizrenpost.com\/al\/?p=7409"},"modified":"2019-02-02T21:56:36","modified_gmt":"2019-02-02T20:56:36","slug":"rama-e-cuditshme-qe-franca","status":"publish","type":"post","link":"https:\/\/prizrenpost.com\/al\/rama-e-cuditshme-qe-franca\/","title":{"rendered":"Rama: E \u00e7uditshme q\u00eb Franca&#8230;"},"content":{"rendered":"<p><img decoding=\"async\" src=\"https:\/\/prizrenpost.com\/al\/wp-content\/uploads\/2014\/06\/rama-france3-1.jpg\" alt=\"\" width=\"100%\" height=\"\" class=\"alignleft size-full wp-image-52232\" srcset=\"https:\/\/prizrenpost.com\/al\/wp-content\/uploads\/2014\/06\/rama-france3-1.jpg 743w, https:\/\/prizrenpost.com\/al\/wp-content\/uploads\/2014\/06\/rama-france3-1-300x211.jpg 300w\" sizes=\"(max-width: 743px) 100vw, 743px\" \/><\/p>\n<p>Intervista e kryeministrit Edi Rama n\u00eb emisionin &#8220;Le Grand Soir 3&#8221;, n\u00eb televizionin &#8220;France3&#8221;.<\/p>\n<p><strong>Edi Rama, faleminderit q\u00eb jeni me ne!  I keni ndjekur me v\u00ebmendje imagjinoj zgjedhjet p\u00ebr Parlamentin Europian dhe keni par\u00eb q\u00eb ka shum\u00eb zhg\u00ebnjim kundrejt Europ\u00ebs dhe institucioneve Europiane nd\u00ebrsa ju doni t\u2019i bashkoheni klubit, \u00e7far\u00eb ju t\u00ebrheq n\u00eb Europ\u00eb?<\/strong><\/p>\n<p>Ne b\u00ebjm\u00eb pjes\u00eb n\u00eb europian\u00ebt q\u00eb nuk jan\u00eb akoma t\u00eb zhg\u00ebnjyer nga Europa. Ne b\u00ebjm\u00eb pjes\u00eb n\u00eb europian\u00ebt q\u00eb vazhdojn\u00eb ende t\u00eb besojn\u00eb \u00ebndrr\u00ebn e Shumanit dhe t\u00eb gjith\u00eb baballar\u00ebve themelues t\u00eb Europ\u00ebs.<\/p>\n<p>Do t\u2019ju them di\u00e7ka; ka nj\u00ebqind vjet q\u00eb kur Lufta e Par\u00eb Bot\u00ebrore filloi dhe pas saj cikli i luft\u00ebrave, por \u00ebsht\u00eb hera e par\u00eb q\u00eb kemi paqen mes vetes ne n\u00eb Ballkan, jo sepse jemi \u00ebngj\u00ebj t\u00eb paqes, por sepse jemi t\u00eb bindur se Europa \u00ebsht\u00eb e ardhmja jon\u00eb. E them k\u00ebt\u00eb p\u00ebr vendin tim dhe nj\u00ebkoh\u00ebsisht p\u00ebr gjith\u00eb t\u00eb tjer\u00ebt. Nuk shoh dhe nuk besoj q\u00eb  ka ndonj\u00eb projekt tjet\u00ebr q\u00eb njer\u00ebzimi ka krijuar q\u00eb mund t\u00eb krahasohet me projektin e madh europian.<\/p>\n<p><strong>Ta theksojm\u00eb p\u00ebr shikuesit se fakti q\u00eb ju flisni kaq mir\u00eb fr\u00ebngjisht, e pam\u00eb edhe m\u00eb par\u00eb q\u00eb gjuha franceze m\u00ebsohet n\u00eb vendin tuaj, po rasti juaj \u00ebsht\u00eb se ju keni jetuar disa vite n\u00eb Franc\u00eb.<\/strong><\/p>\n<p>Shqip\u00ebria \u00ebsht\u00eb pjes\u00eb e frankofonis\u00eb dhe \u00ebsht\u00eb nj\u00eb vend ku m\u00ebsohet fr\u00ebngjishtja, ku flasim shum\u00eb gjuh\u00eb t\u00eb huaja. \u00cbsht\u00eb vendi me mosh\u00ebn m\u00eb t\u00eb re n\u00eb Europ\u00eb dhe po ashtu vendi q\u00eb ka dal\u00eb nga nj\u00eb diktatur\u00eb shum\u00eb e eg\u00ebr. Gjithashtu, \u00ebsht\u00eb vendi ku sipas statistikave jemi m\u00eb t\u00eb hapurit ndaj Europ\u00ebs.<\/p>\n<p><strong>\u00c7do t\u00eb thonit p\u00ebr ata q\u00eb shohin sot k\u00ebt\u00eb intervist\u00eb dhe thon\u00eb, edhe nj\u00eb vend tjet\u00ebr, edhe nj\u00eb vend tjet\u00ebr m\u00eb i varf\u00ebr se ne. Ju bezdis t\u00eb ushqeni euroskepticizmin, si do reagonit ndaj tyre?<\/strong><\/p>\n<p>Un\u00eb besoj q\u00eb euroskepticizmi \u00ebsht\u00eb ushqyer nga frik\u00ebra q\u00eb nuk bazohen n\u00eb realitetin e Europ\u00ebs dhe m\u00eb vjen keq q\u00eb euroskepticizmi vazhdon t\u00eb rritet, sepse nuk shoh ndonj\u00eb projekt tjet\u00ebr m\u00eb t\u00eb mundsh\u00ebm p\u00ebr t\u00eb ardhmen e f\u00ebmij\u00ebve tan\u00eb, si Europa.<\/p>\n<p><strong>Ju nuk mendoni se duhet t\u00eb b\u00ebhet nj\u00eb pauz\u00eb, p\u00ebr hyrjet e reja?<\/strong><\/p>\n<p>Po ju them ju francez\u00ebve di\u00e7ka shum\u00eb t\u00eb thjesht\u00eb; Nuk duhet t\u00eb shqet\u00ebsohemi, sepse ne do t\u00eb marrim statusin e vendit kandidat dhe nuk do t\u00eb jemi menj\u00ebher\u00eb an\u00ebtar\u00eb nes\u00ebr.<\/p>\n<p>Statusi i kandidatit \u00ebsht\u00eb hapi i par\u00eb, pastaj jan\u00eb negociatat q\u00eb marrin rreth dhjet\u00eb vjet, ndaj nuk duhet t\u00eb shqet\u00ebsohemi. Por nga ana tjet\u00ebr dua t\u00eb p\u00ebrfitoj t\u00eb them q\u00eb \u00ebsht\u00eb di\u00e7ka e \u00e7uditshme q\u00eb Franca, nj\u00eb nga shtyllat themeluese t\u00eb Europ\u00ebs ndodhet n\u00eb k\u00ebt\u00eb situat\u00eb, mjaft t\u00eb ve\u00e7ant\u00eb, ku t\u00eb flas\u00ebsh p\u00ebr Europ\u00ebn nuk \u00ebsht\u00eb edhe aq e rregullt politikisht dhe \u00ebsht\u00eb v\u00ebrtet di\u00e7ka q\u00eb t\u00eb b\u00ebn t\u00eb ndihesh keq.<\/p>\n<p><strong>Ju do t\u00eb takoni nes\u00ebr Fran\u00e7ois Hollande dhe ndoshta do t\u00eb flisni p\u00ebr zgjedhjet europiane, por a mendoni se e keni mb\u00ebshtetjen e tij p\u00ebr statusin e vendit kandidat?<\/strong><\/p>\n<p>Besoj q\u00eb Presidenti francez ka patur nj\u00eb vizion t\u00eb qart\u00eb kur vitin e kaluar ai i mblodhi lider\u00ebt e vendeve europiane n\u00eb Bordeaux dhe foli p\u00ebr nj\u00eb t\u00eb ardhme europiane t\u00eb vendeve Ballkanike. Dhe besoj gjithashtu se Kancelarja Angela Merkel ka po ashtu nj\u00eb vizion t\u00eb qart\u00eb p\u00ebr t\u00eb ardhmen e Europ\u00ebs kur ajo u angazhua p\u00ebr t\u00eb organizuar nj\u00eb Samit me lider\u00ebt ballkanik\u00eb p\u00ebr t\u00eb par\u00eb mund\u00ebsit\u00eb sesi k\u00ebto vende mund t\u00eb lidheshin bashk\u00eb n\u00eb nj\u00eb t\u00eb ardhme t\u00eb p\u00ebrbashk\u00ebt.<\/p>\n","protected":false},"excerpt":{"rendered":"<p>Intervista e kryeministrit Edi Rama n\u00eb emisionin &#8220;Le Grand Soir 3&#8221;, n\u00eb televizionin &#8220;France3&#8221;. Edi Rama, faleminderit q\u00eb jeni me ne! I keni ndjekur me v\u00ebmendje imagjinoj zgjedhjet p\u00ebr Parlamentin Europian dhe keni par\u00eb q\u00eb ka shum\u00eb zhg\u00ebnjim kundrejt Europ\u00ebs dhe institucioneve Europiane nd\u00ebrsa ju doni t\u2019i bashkoheni klubit, \u00e7far\u00eb ju t\u00ebrheq n\u00eb Europ\u00eb? Ne [&hellip;]<\/p>\n","protected":false},"author":1,"featured_media":52232,"comment_status":"open","ping_status":"open","sticky":false,"template":"","format":"standard","meta":{"footnotes":""},"categories":[1],"tags":[369,1377,370],"class_list":["post-7409","post","type-post","status-publish","format-standard","has-post-thumbnail","hentry","category-lajme","tag-edi-rama","tag-france","tag-shqiperia"],"_links":{"self":[{"href":"https:\/\/prizrenpost.com\/al\/wp-json\/wp\/v2\/posts\/7409","targetHints":{"allow":["GET"]}}],"collection":[{"href":"https:\/\/prizrenpost.com\/al\/wp-json\/wp\/v2\/posts"}],"about":[{"href":"https:\/\/prizrenpost.com\/al\/wp-json\/wp\/v2\/types\/post"}],"author":[{"embeddable":true,"href":"https:\/\/prizrenpost.com\/al\/wp-json\/wp\/v2\/users\/1"}],"replies":[{"embeddable":true,"href":"https:\/\/prizrenpost.com\/al\/wp-json\/wp\/v2\/comments?post=7409"}],"version-history":[{"count":0,"href":"https:\/\/prizrenpost.com\/al\/wp-json\/wp\/v2\/posts\/7409\/revisions"}],"wp:featuredmedia":[{"embeddable":true,"href":"https:\/\/prizrenpost.com\/al\/wp-json\/wp\/v2\/media\/52232"}],"wp:attachment":[{"href":"https:\/\/prizrenpost.com\/al\/wp-json\/wp\/v2\/media?parent=7409"}],"wp:term":[{"taxonomy":"category","embeddable":true,"href":"https:\/\/prizrenpost.com\/al\/wp-json\/wp\/v2\/categories?post=7409"},{"taxonomy":"post_tag","embeddable":true,"href":"https:\/\/prizrenpost.com\/al\/wp-json\/wp\/v2\/tags?post=7409"}],"curies":[{"name":"wp","href":"https:\/\/api.w.org\/{rel}","templated":true}]}}