{"id":7773,"date":"2014-06-20T17:37:42","date_gmt":"2014-06-20T15:37:42","guid":{"rendered":"http:\/\/prizrenpost.com\/al\/?p=7773"},"modified":"2018-12-23T19:21:14","modified_gmt":"2018-12-23T18:21:14","slug":"uke-rugova-eshte-larguar-nga-paraburgimi","status":"publish","type":"post","link":"https:\/\/prizrenpost.com\/al\/uke-rugova-eshte-larguar-nga-paraburgimi\/","title":{"rendered":"Uk\u00eb Rugova \u00ebsht\u00eb larguar nga paraburgimi"},"content":{"rendered":"<p><img decoding=\"async\" src=\"https:\/\/prizrenpost.com\/al\/wp-content\/uploads\/2014\/06\/uke-rugova.jpg\" alt=\"\" width=\"100%\" height=\"\" class=\"alignleft size-full wp-image-50756\" srcset=\"https:\/\/prizrenpost.com\/al\/wp-content\/uploads\/2014\/06\/uke-rugova.jpg 490w, https:\/\/prizrenpost.com\/al\/wp-content\/uploads\/2014\/06\/uke-rugova-300x196.jpg 300w\" sizes=\"(max-width: 490px) 100vw, 490px\" \/><\/p>\n<p><strong>&#8220;Me vendim t\u00eb Gjykat\u00ebs s\u00eb\u00a0Apelit\u00a0n\u00eb Prishtin\u00eb \u00a0m\u00eb n\u00eb fund, pas 4 muajve \u00ebsht\u00eb liruar nga paraburgimi i padrejt\u00eb Uk\u00eb\u00a0Rugova, djali i Presidentit\u00a0historik\u00a0t\u00eb Kosov\u00ebs, Dr. Ibrahim\u00a0Rugova.<\/strong> <\/p>\n<p>At\u00eb \u00ebsht\u00eb duke u hetuar n\u00eb nj\u00eb rast\u00a0penal\u00a0i cili n\u00eb raport me t\u00eb ka ma tep\u00ebr t\u00eb b\u00ebj\u00eb me \u00e7\u00ebshtje t\u00eb teoris\u00eb \u00a0juridike, se sa t\u00eb veprimeve t\u00eb tij faktike. Hetimi\u00a0penal\u00a0ndaj tij \u00ebsht\u00eb shfryt\u00ebzuar nga policia e EULEX\u2019it t\u00eb hyj\u00eb pa t\u00eb drejt n\u00eb rezidenc\u00ebn e Presidentit\u00a0historik\u00a0t\u00eb Kosov\u00ebs Dr. Ibrahim\u00a0Rugova\u201d, ka th\u00ebn\u00eb Tom\u00eb Gashi, avokat i Izet Beqirit, i dyshuar n\u00eb \u00e7\u00ebshtjen penale t\u00eb Uk\u00eb Rugov\u00ebs.<\/p>\n","protected":false},"excerpt":{"rendered":"<p>&#8220;Me vendim t\u00eb Gjykat\u00ebs s\u00eb\u00a0Apelit\u00a0n\u00eb Prishtin\u00eb \u00a0m\u00eb n\u00eb fund, pas 4 muajve \u00ebsht\u00eb liruar nga paraburgimi i padrejt\u00eb Uk\u00eb\u00a0Rugova, djali i Presidentit\u00a0historik\u00a0t\u00eb Kosov\u00ebs, Dr. Ibrahim\u00a0Rugova. At\u00eb \u00ebsht\u00eb duke u hetuar n\u00eb nj\u00eb rast\u00a0penal\u00a0i cili n\u00eb raport me t\u00eb ka ma tep\u00ebr t\u00eb b\u00ebj\u00eb me \u00e7\u00ebshtje t\u00eb teoris\u00eb \u00a0juridike, se sa t\u00eb veprimeve t\u00eb tij faktike. [&hellip;]<\/p>\n","protected":false},"author":1,"featured_media":50756,"comment_status":"open","ping_status":"open","sticky":false,"template":"","format":"standard","meta":{"footnotes":""},"categories":[1],"tags":[2491],"class_list":["post-7773","post","type-post","status-publish","format-standard","has-post-thumbnail","hentry","category-lajme","tag-uke-rugova"],"_links":{"self":[{"href":"https:\/\/prizrenpost.com\/al\/wp-json\/wp\/v2\/posts\/7773","targetHints":{"allow":["GET"]}}],"collection":[{"href":"https:\/\/prizrenpost.com\/al\/wp-json\/wp\/v2\/posts"}],"about":[{"href":"https:\/\/prizrenpost.com\/al\/wp-json\/wp\/v2\/types\/post"}],"author":[{"embeddable":true,"href":"https:\/\/prizrenpost.com\/al\/wp-json\/wp\/v2\/users\/1"}],"replies":[{"embeddable":true,"href":"https:\/\/prizrenpost.com\/al\/wp-json\/wp\/v2\/comments?post=7773"}],"version-history":[{"count":0,"href":"https:\/\/prizrenpost.com\/al\/wp-json\/wp\/v2\/posts\/7773\/revisions"}],"wp:featuredmedia":[{"embeddable":true,"href":"https:\/\/prizrenpost.com\/al\/wp-json\/wp\/v2\/media\/50756"}],"wp:attachment":[{"href":"https:\/\/prizrenpost.com\/al\/wp-json\/wp\/v2\/media?parent=7773"}],"wp:term":[{"taxonomy":"category","embeddable":true,"href":"https:\/\/prizrenpost.com\/al\/wp-json\/wp\/v2\/categories?post=7773"},{"taxonomy":"post_tag","embeddable":true,"href":"https:\/\/prizrenpost.com\/al\/wp-json\/wp\/v2\/tags?post=7773"}],"curies":[{"name":"wp","href":"https:\/\/api.w.org\/{rel}","templated":true}]}}