{"id":782,"date":"2013-06-30T12:34:23","date_gmt":"2013-06-30T10:34:23","guid":{"rendered":"http:\/\/prizrenpost.com\/al\/?p=782"},"modified":"2020-05-08T00:44:15","modified_gmt":"2020-05-07T22:44:15","slug":"iphone-6-emri-dalja-ne-treg-dhe-informacione-te-tjera","status":"publish","type":"post","link":"https:\/\/prizrenpost.com\/al\/iphone-6-emri-dalja-ne-treg-dhe-informacione-te-tjera\/","title":{"rendered":"iPhone 6, emri dalja ne treg dhe informacione te tjera."},"content":{"rendered":"<p><img decoding=\"async\" src=\"https:\/\/prizrenpost.com\/al\/wp-content\/uploads\/2013\/06\/iPhone-6.jpg\" alt=\"\" width=\"100%\" height=\"\" class=\"alignleft size-full wp-image-58063\" srcset=\"https:\/\/prizrenpost.com\/al\/wp-content\/uploads\/2013\/06\/iPhone-6.jpg 1280w, https:\/\/prizrenpost.com\/al\/wp-content\/uploads\/2013\/06\/iPhone-6-300x169.jpg 300w, https:\/\/prizrenpost.com\/al\/wp-content\/uploads\/2013\/06\/iPhone-6-1024x576.jpg 1024w, https:\/\/prizrenpost.com\/al\/wp-content\/uploads\/2013\/06\/iPhone-6-768x432.jpg 768w\" sizes=\"(max-width: 1280px) 100vw, 1280px\" \/><\/p>\n<p><strong>Nese ka nje gje te sigurt per iPhone 6, eshte qe Apple ka planifikuar ta nxjeri ne treg veren e vitit 2013.<\/strong><\/p>\n<p>Megjithat\u00eb, ka disa konfuzion mbi emrin e telefonit i ri, do t\u00eb jet\u00eb 6 iPhone apo iPhone 5S. Po maarim te mireqene emrin iPhone 6, edhe pse sipas thashethemev ai mund te quhet iPhone 5s.<\/p>\n<p>Ka shum\u00eb t\u00eb debatit mbi at\u00eb se si do t\u00eb quhet iPhone i ri. \u00a0 N\u00ebse do t\u00eb ndiqni strategjin\u00eb e em\u00ebrtimin t\u00eb Apple, at\u00ebher\u00eb\u00a0<strong>iPhone 5S<\/strong>\u00a0do t\u00eb jet\u00eb zgjedhja m\u00eb e mundshme. Po ti referohemi rasteve te meparshme, Apple nxori ne treg iPhone 3GS pas modelit 3G. E njejta gje ndodhi dhe me iPhone 4 me dizenjo te re dhe m\u00eb pas nxori n\u00eb treg modelin e ri iPhone 4S. Duke arsyetuar keshtu, iPhone 5, i cili prezantoi ekranin widescreen, duhet t\u00eb pasohet nga nj\u00eb p\u00ebrmir\u00ebsim tjeter me iPhone 5S. Eshte e nevojshme qe versioni i ri te kete permiresime te ndjeshme pasi versioni i fundit iPhone 5 nuk u prit me shume entuziazen pas problemeve ne hardware dhe hartes Apple.<\/p>\n<p><strong>Karakreristikat e iPhone 6<\/strong><\/p>\n<p>\u00cbsht\u00eb menduar tani se iPhone 6 do t\u00eb ket\u00eb nj\u00eb ekran Sharp IGZO (Zink oksid indium galium). Kjo teknologji e re mund\u00ebson ekranet q\u00eb p\u00ebrdorin m\u00eb pak energji dhe \u00ebsht\u00eb duksh\u00ebm m\u00eb i holl\u00eb. Thashethemet sigurisht filluan kur teknologjia Sharp IGZO u shfaq n\u00eb CES 2013.<\/p>\n<p>Esht\u00eb e mundur q\u00eb\u00a0 iPhone 6 do t\u00eb ket\u00eb nj\u00eb ekran Super HD, por nuk ka detaje p\u00ebr zgjidhjen e ekranit ose madh\u00ebsia e tij. Supozohet se Apple do t\u00eb q\u00ebndrojn\u00eb me formatin e ri widescreen ajo q\u00eb prezantoi me iPhone 5. Hapesira e magazinimit mendohet te jete 64 GB por ajo mund te shkoj deri ne 128 GB i aplikuar ne iPad 4.<\/p>\n<p><strong>iPHONE 6 SMART BEZEL<\/strong><\/p>\n<p>Nj\u00eb nga gj\u00ebrat q\u00eb t\u00ebrheq njer\u00ebzit n\u00eb iPhone \u00ebsht\u00eb leht\u00ebsin\u00eb e p\u00ebrdorimit dhe thjesht\u00ebsia. Megjithat\u00eb, Sitemi Operativ iOS nuk ka ndryshuar, k\u00ebshtu q\u00eb Apple mund edhe t\u00eb fus m\u00ebnyra t\u00eb reja p\u00ebr t\u00eb bashk\u00ebvepruar me telefonat e saj n\u00eb m\u00ebnyr\u00eb q\u00eb t\u00eb q\u00ebndrojn\u00eb p\u00ebrpara konkurrenc\u00ebs. Apple prej disa kohesh eshte duke kerkuar per nje teknologji te re per Smart Bezel.<\/p>\n<p><strong>iPhone 6 Processor<\/strong><\/p>\n<p>Eshte\u00a0e v\u00ebshtir\u00eb t\u00eb gjykosh se \u00e7far\u00eb Apple do t\u00eb b\u00ebj\u00eb me procesorin, por ne do t\u00eb presim nj\u00eb model t\u00eb p\u00ebrdit\u00ebsuar n\u00eb iPhone 6. Aktualisht iPhone 5 ka nj\u00eb processor dual-core Apple A6, por nj\u00eb quad-core Apple A7, duke p\u00ebrdorur ARM Cortex A15-based cores, eshte imundshem.<\/p>\n<p><strong>\u00c7MIMI i iPhone 6<\/strong><\/p>\n<p>Apple zakonisht modelet e saj t\u00eb reja\u00a0 i nxjer n\u00eb treg me t\u00eb nj\u00ebjtin \u00e7mim si ato paraardh\u00ebse, dhe ne nuk mund t\u00eb mendohet qe te jene me te larta duke pasur parasysh veshtiresite ne treg dhe konkurences . Duke pasur parasysh se iPhone 16GB nuk del me, pritet qe modeli 32GB t\u00eb kushtoj\u00eb 529 \u00a3, modeli 64GB \u00a3 599 dhe modelin 128GB \u00a3 699.<\/p>\n","protected":false},"excerpt":{"rendered":"<p>Nese ka nje gje te sigurt per iPhone 6, eshte qe Apple ka planifikuar ta nxjeri ne treg veren e vitit 2013. Megjithat\u00eb, ka disa konfuzion mbi emrin e telefonit i ri, do t\u00eb jet\u00eb 6 iPhone apo iPhone 5S. Po maarim te mireqene emrin iPhone 6, edhe pse sipas thashethemev ai mund te quhet [&hellip;]<\/p>\n","protected":false},"author":1,"featured_media":58063,"comment_status":"open","ping_status":"open","sticky":false,"template":"","format":"standard","meta":{"footnotes":""},"categories":[6],"tags":[1214,1007],"class_list":["post-782","post","type-post","status-publish","format-standard","has-post-thumbnail","hentry","category-teknologji","tag-apple","tag-iphone"],"_links":{"self":[{"href":"https:\/\/prizrenpost.com\/al\/wp-json\/wp\/v2\/posts\/782","targetHints":{"allow":["GET"]}}],"collection":[{"href":"https:\/\/prizrenpost.com\/al\/wp-json\/wp\/v2\/posts"}],"about":[{"href":"https:\/\/prizrenpost.com\/al\/wp-json\/wp\/v2\/types\/post"}],"author":[{"embeddable":true,"href":"https:\/\/prizrenpost.com\/al\/wp-json\/wp\/v2\/users\/1"}],"replies":[{"embeddable":true,"href":"https:\/\/prizrenpost.com\/al\/wp-json\/wp\/v2\/comments?post=782"}],"version-history":[{"count":2,"href":"https:\/\/prizrenpost.com\/al\/wp-json\/wp\/v2\/posts\/782\/revisions"}],"predecessor-version":[{"id":58064,"href":"https:\/\/prizrenpost.com\/al\/wp-json\/wp\/v2\/posts\/782\/revisions\/58064"}],"wp:featuredmedia":[{"embeddable":true,"href":"https:\/\/prizrenpost.com\/al\/wp-json\/wp\/v2\/media\/58063"}],"wp:attachment":[{"href":"https:\/\/prizrenpost.com\/al\/wp-json\/wp\/v2\/media?parent=782"}],"wp:term":[{"taxonomy":"category","embeddable":true,"href":"https:\/\/prizrenpost.com\/al\/wp-json\/wp\/v2\/categories?post=782"},{"taxonomy":"post_tag","embeddable":true,"href":"https:\/\/prizrenpost.com\/al\/wp-json\/wp\/v2\/tags?post=782"}],"curies":[{"name":"wp","href":"https:\/\/api.w.org\/{rel}","templated":true}]}}