{"id":7884,"date":"2014-06-24T12:09:57","date_gmt":"2014-06-24T10:09:57","guid":{"rendered":"http:\/\/prizrenpost.com\/al\/?p=7884"},"modified":"2019-01-11T13:18:00","modified_gmt":"2019-01-11T12:18:00","slug":"be-se-i-jep-statusin-shqiperise","status":"publish","type":"post","link":"https:\/\/prizrenpost.com\/al\/be-se-i-jep-statusin-shqiperise\/","title":{"rendered":"BE i jep statusin Shqip\u00ebris\u00eb"},"content":{"rendered":"<p><img decoding=\"async\" src=\"https:\/\/prizrenpost.com\/al\/wp-content\/uploads\/2014\/06\/fule-2.jpg\" alt=\"\" width=\"100%\" height=\"\" class=\"alignleft size-full wp-image-51574\" srcset=\"https:\/\/prizrenpost.com\/al\/wp-content\/uploads\/2014\/06\/fule-2.jpg 640w, https:\/\/prizrenpost.com\/al\/wp-content\/uploads\/2014\/06\/fule-2-300x169.jpg 300w\" sizes=\"(max-width: 640px) 100vw, 640px\" \/><\/p>\n<p><strong>Komisioneri p\u00ebr Zgjerimin e BE-s\u00eb Stefan Fyle p\u00ebrcjell lajmin e mir\u00eb p\u00ebr Shqip\u00ebrin\u00eb.<br \/>\nFyle icili n\u00ebp\u00ebrmjet nj\u00eb statusi n\u00eb Twitter ka shkruar: Urime p\u00ebr statusin e kandidatit, miratuar nga Ministrat, njohje e p\u00ebrpjekjeve p\u00ebr reforma, nxitje p\u00ebr m\u00eb shum\u00eb.<\/strong><\/p>\n<p>Kryeministri Rama \u00ebsht\u00eb shprehur se \u00ebsht\u00eb krenar q\u00eb ia dol\u00ebm bashk\u00eb PS-LSI.<\/p>\n<p>\u201cFaleminderit dhe mir\u00ebnjohje p\u00ebr t\u00eb gjith\u00eb\u201d, ka th\u00ebn\u00eb Rama.<\/p>\n<p>Shqip\u00ebria ka bindur t\u00eb gjitha vendet e Bashkimit Evropian madje edhe ato q\u00eb kan\u00eb qen\u00eb skeptike p\u00ebr t\u00eb votuar pro statusit t\u00eb vendit kandidat.<\/p>\n<p>Nd\u00ebrkoh\u00eb q\u00eb m\u00eb her\u00ebt p\u00ebrpara se t\u00eb fillonte mbledhja e K\u00ebshillit t\u00eb Ministrave t\u00eb BE jan\u00eb shprehur n\u00eb mb\u00ebshtetje t\u00eb statusit p\u00ebr Shqip\u00ebrin\u00eb. \/oranews-shekulli\/<\/p>\n<blockquote class=\"twitter-tweet\" lang=\"en\">\n<p><a href=\"https:\/\/twitter.com\/hashtag\/Albania?src=hash\">#Albania<\/a>: urime p\u00ebr statusin e kandidatit, miratuar nga Ministrat, njohje e p\u00ebrpjekjeve p\u00ebr reforma, nxitje p\u00ebr m\u00eb shum\u00eb.<\/p>\n<p>&mdash; \u0160tefan F\u00fcle (@StefanFuleEU) <a href=\"https:\/\/twitter.com\/StefanFuleEU\/statuses\/481370291973914624\">June 24, 2014<\/a><\/p><\/blockquote>\n<p><script async src=\"\/\/platform.twitter.com\/widgets.js\" charset=\"utf-8\"><\/script><\/p>\n","protected":false},"excerpt":{"rendered":"<p>Komisioneri p\u00ebr Zgjerimin e BE-s\u00eb Stefan Fyle p\u00ebrcjell lajmin e mir\u00eb p\u00ebr Shqip\u00ebrin\u00eb. Fyle icili n\u00ebp\u00ebrmjet nj\u00eb statusi n\u00eb Twitter ka shkruar: Urime p\u00ebr statusin e kandidatit, miratuar nga Ministrat, njohje e p\u00ebrpjekjeve p\u00ebr reforma, nxitje p\u00ebr m\u00eb shum\u00eb. Kryeministri Rama \u00ebsht\u00eb shprehur se \u00ebsht\u00eb krenar q\u00eb ia dol\u00ebm bashk\u00eb PS-LSI. \u201cFaleminderit dhe mir\u00ebnjohje p\u00ebr [&hellip;]<\/p>\n","protected":false},"author":1,"featured_media":51574,"comment_status":"open","ping_status":"open","sticky":false,"template":"","format":"standard","meta":{"footnotes":""},"categories":[1],"tags":[1057,370,4451],"class_list":["post-7884","post","type-post","status-publish","format-standard","has-post-thumbnail","hentry","category-lajme","tag-bashkimi-europian","tag-shqiperia","tag-stefan-fule"],"_links":{"self":[{"href":"https:\/\/prizrenpost.com\/al\/wp-json\/wp\/v2\/posts\/7884","targetHints":{"allow":["GET"]}}],"collection":[{"href":"https:\/\/prizrenpost.com\/al\/wp-json\/wp\/v2\/posts"}],"about":[{"href":"https:\/\/prizrenpost.com\/al\/wp-json\/wp\/v2\/types\/post"}],"author":[{"embeddable":true,"href":"https:\/\/prizrenpost.com\/al\/wp-json\/wp\/v2\/users\/1"}],"replies":[{"embeddable":true,"href":"https:\/\/prizrenpost.com\/al\/wp-json\/wp\/v2\/comments?post=7884"}],"version-history":[{"count":0,"href":"https:\/\/prizrenpost.com\/al\/wp-json\/wp\/v2\/posts\/7884\/revisions"}],"wp:featuredmedia":[{"embeddable":true,"href":"https:\/\/prizrenpost.com\/al\/wp-json\/wp\/v2\/media\/51574"}],"wp:attachment":[{"href":"https:\/\/prizrenpost.com\/al\/wp-json\/wp\/v2\/media?parent=7884"}],"wp:term":[{"taxonomy":"category","embeddable":true,"href":"https:\/\/prizrenpost.com\/al\/wp-json\/wp\/v2\/categories?post=7884"},{"taxonomy":"post_tag","embeddable":true,"href":"https:\/\/prizrenpost.com\/al\/wp-json\/wp\/v2\/tags?post=7884"}],"curies":[{"name":"wp","href":"https:\/\/api.w.org\/{rel}","templated":true}]}}