{"id":7955,"date":"2014-06-26T17:15:24","date_gmt":"2014-06-26T15:15:24","guid":{"rendered":"http:\/\/prizrenpost.com\/al\/?p=7955"},"modified":"2019-01-01T22:53:12","modified_gmt":"2019-01-01T21:53:12","slug":"kqzleaks-dhe-pike","status":"publish","type":"post","link":"https:\/\/prizrenpost.com\/al\/kqzleaks-dhe-pike\/","title":{"rendered":"KQZLeaks dhe pik\u00eb!"},"content":{"rendered":"<p><img decoding=\"async\" src=\"https:\/\/prizrenpost.com\/al\/wp-content\/uploads\/2014\/06\/valdete-daka.jpg\" alt=\"\" width=\"100%\" height=\"\" class=\"alignleft size-full wp-image-51115\" srcset=\"https:\/\/prizrenpost.com\/al\/wp-content\/uploads\/2014\/06\/valdete-daka.jpg 640w, https:\/\/prizrenpost.com\/al\/wp-content\/uploads\/2014\/06\/valdete-daka-300x169.jpg 300w\" sizes=\"(max-width: 640px) 100vw, 640px\" \/><\/p>\n<p><strong>Ndon\u00ebse Komisioni Qendror i Zgjedhjeve kishte paralajm\u00ebruar se t\u00eb enjten pasdite do t\u00eb b\u00ebj\u00eb prezantimin e rezultateve zyrtare p\u00ebr zgjedhjet e 8 qershorit, ato \u201crrodh\u00ebn\u201d paraprakisht.<br \/>\nN\u00eb interesimin e shumt\u00eb t\u00eb gazetar\u00ebve, dit\u00ebve t\u00eb fundit p\u00ebr dit\u00ebn e shpalljes s\u00eb rezultateve, kryetarja e KQZ-s\u00eb, Valdete Daka kishte insistuar se kjo do t\u00eb b\u00ebhet t\u00eb enjten.<\/strong><\/p>\n<p>Madje, n\u00eb nj\u00eb moment t\u00eb caktuar ajo edhe kishte humbur durimin dhe ishte p\u00ebrgjigjur \u201crezultatet publikohen t\u00eb enjten dhe pik\u00eb\u201d.<\/p>\n<p>T\u00eb enjten kur po pritej prezantimi zyrtar i rezultateve t\u00eb zgjedhjeve t\u00eb 8 qershorit nga KQZ, ato kishin marr\u00eb dhen\u00eb.<\/p>\n<p>Media n\u00eb Kosov\u00eb, at\u00ebher\u00eb ve\u00e7 kishin publikuar list\u00ebn e rezultateve t\u00eb partive dhe deputet\u00ebve.<br \/>\nLidhur me k\u00ebt\u00eb, kryetarja e KQZ-s\u00eb Valdete Daka nuk ka dashur t\u00eb komentoj\u00eb n\u00ebse nj\u00eb \u201crrjedhje\u201d e rezultateve \u00ebsht\u00eb n\u00eb kund\u00ebrshtim me rregulloren e KQZ-s\u00eb ose me Ligjet n\u00eb fuqi.<\/p>\n<p>\u201cGjithsesi eksluzivitetin e shpalljes dhe publikimit t\u00eb rezultateve e ka Komisioni Qendror i Zgjedhjeve (KQZ), ashtu si\u00e7 e k\u00ebrkon edhe ligji. Mos harroni, se i gjith\u00eb procesi ka qen\u00eb transparent dhe n\u00eb qendr\u00ebn e num\u00ebrimit t\u00eb rezultateve ka pasur qindra v\u00ebzhgues t\u00eb cil\u00ebt e kan\u00eb v\u00ebzhguar t\u00ebr\u00eb procesin e rinum\u00ebrimit. Ata i kan\u00eb pasur rezultatet pothuajse para nesh si an\u00ebtar\u00eb t\u00eb KQZ-s\u00eb\u201d, ka qen\u00eb p\u00ebrgjigja e Dak\u00ebs.<\/p>\n","protected":false},"excerpt":{"rendered":"<p>Ndon\u00ebse Komisioni Qendror i Zgjedhjeve kishte paralajm\u00ebruar se t\u00eb enjten pasdite do t\u00eb b\u00ebj\u00eb prezantimin e rezultateve zyrtare p\u00ebr zgjedhjet e 8 qershorit, ato \u201crrodh\u00ebn\u201d paraprakisht. N\u00eb interesimin e shumt\u00eb t\u00eb gazetar\u00ebve, dit\u00ebve t\u00eb fundit p\u00ebr dit\u00ebn e shpalljes s\u00eb rezultateve, kryetarja e KQZ-s\u00eb, Valdete Daka kishte insistuar se kjo do t\u00eb b\u00ebhet t\u00eb enjten. [&hellip;]<\/p>\n","protected":false},"author":1,"featured_media":51115,"comment_status":"open","ping_status":"open","sticky":false,"template":"","format":"standard","meta":{"footnotes":""},"categories":[1],"tags":[48,3448,3349],"class_list":["post-7955","post","type-post","status-publish","format-standard","has-post-thumbnail","hentry","category-lajme","tag-kosove","tag-kqz","tag-valdete-daka"],"_links":{"self":[{"href":"https:\/\/prizrenpost.com\/al\/wp-json\/wp\/v2\/posts\/7955","targetHints":{"allow":["GET"]}}],"collection":[{"href":"https:\/\/prizrenpost.com\/al\/wp-json\/wp\/v2\/posts"}],"about":[{"href":"https:\/\/prizrenpost.com\/al\/wp-json\/wp\/v2\/types\/post"}],"author":[{"embeddable":true,"href":"https:\/\/prizrenpost.com\/al\/wp-json\/wp\/v2\/users\/1"}],"replies":[{"embeddable":true,"href":"https:\/\/prizrenpost.com\/al\/wp-json\/wp\/v2\/comments?post=7955"}],"version-history":[{"count":0,"href":"https:\/\/prizrenpost.com\/al\/wp-json\/wp\/v2\/posts\/7955\/revisions"}],"wp:featuredmedia":[{"embeddable":true,"href":"https:\/\/prizrenpost.com\/al\/wp-json\/wp\/v2\/media\/51115"}],"wp:attachment":[{"href":"https:\/\/prizrenpost.com\/al\/wp-json\/wp\/v2\/media?parent=7955"}],"wp:term":[{"taxonomy":"category","embeddable":true,"href":"https:\/\/prizrenpost.com\/al\/wp-json\/wp\/v2\/categories?post=7955"},{"taxonomy":"post_tag","embeddable":true,"href":"https:\/\/prizrenpost.com\/al\/wp-json\/wp\/v2\/tags?post=7955"}],"curies":[{"name":"wp","href":"https:\/\/api.w.org\/{rel}","templated":true}]}}