{"id":81067,"date":"2023-02-09T13:18:17","date_gmt":"2023-02-09T12:18:17","guid":{"rendered":"https:\/\/prizrenpost.com\/al\/?p=81067"},"modified":"2023-02-09T13:18:17","modified_gmt":"2023-02-09T12:18:17","slug":"flamingot-ne-karavasta-spektakel-per-vizitoret","status":"publish","type":"post","link":"https:\/\/prizrenpost.com\/al\/flamingot-ne-karavasta-spektakel-per-vizitoret\/","title":{"rendered":"Flamingot n\u00eb Karavasta, spektak\u00ebl p\u00ebr vizitor\u00ebt"},"content":{"rendered":"<p><img decoding=\"async\" src=\"https:\/\/prizrenpost.com\/al\/wp-content\/uploads\/2023\/02\/flamingo.jpg\" alt=\"\" width=\"100%\" height=\"\" class=\"alignnone size-full wp-image-81068\" srcset=\"https:\/\/prizrenpost.com\/al\/wp-content\/uploads\/2023\/02\/flamingo.jpg 1354w, https:\/\/prizrenpost.com\/al\/wp-content\/uploads\/2023\/02\/flamingo-300x150.jpg 300w, https:\/\/prizrenpost.com\/al\/wp-content\/uploads\/2023\/02\/flamingo-1024x514.jpg 1024w, https:\/\/prizrenpost.com\/al\/wp-content\/uploads\/2023\/02\/flamingo-768x385.jpg 768w\" sizes=\"(max-width: 1354px) 100vw, 1354px\" \/><\/p>\n<p>DIVJAK\u00cb &#8211; Flamingot, zogjt\u00eb me qaf\u00ebn e holl\u00eb dhe t\u00eb harkuar dhe me k\u00ebmb\u00ebt e hijshme vijojn\u00eb t\u00eb jen\u00eb t\u00eb pranishme prej 13 vitesh n\u00eb lagun\u00ebn e parkut Divjak\u00eb-Karavasta.<\/p>\n<p>Ministrja e Turizmit dhe Mjedisit, Mirela Kumbaro ndau sot n\u00eb rrjetet sociale pamje t\u00eb flamingove, q\u00eb t\u00ebrheqin vizitor\u00eb t\u00eb shumt\u00eb n\u00eb v\u00ebzhgimin e piruetave t\u00eb tyre.<\/p>\n<p>Kumbaro tha se, \u201cflamingot lozonjare din\u00eb t\u00eb dhurojn\u00eb gjithmon\u00eb spektak\u00ebl p\u00ebr vizitor\u00ebt n\u00eb Karavasta, ku v\u00ebzhgimi i shpend\u00ebve \u00ebsht\u00eb kthyer n\u00eb nj\u00eb prej aktiviteteve t\u00eb parap\u00eblqyera t\u00eb miqve t\u00eb parkut\u201d.<\/p>\n<p>Flamingot jetojn\u00eb gjithmon\u00eb n\u00eb grupe, q\u00eb nga grupet e vogla, deri n\u00eb qindra mij\u00ebra. Zogjt\u00eb ngrihen n\u00eb aj\u00ebr n\u00eb grup dhe fluturojn\u00eb me qindra kilometra gjat\u00eb periudh\u00ebs s\u00eb shtegtimit. Fluturimi b\u00ebhet duke formuar radh\u00eb t\u00eb gjata ose n\u00eb form\u00eb V-je, derisa t\u00eb arrijn\u00eb n\u00eb vendmb\u00ebrritjen e tyre \u2013 nj\u00eb liqen me uj\u00eb t\u00eb kripur, q\u00eb \u00ebsht\u00eb vend i shk\u00eblqyer p\u00ebr t\u00eb ngritur folen\u00eb e p\u00ebr t\u00eb rritur t\u00eb vegjlit.<\/p>\n<p>Zakonisht qindra flamingo mblidhen s\u00eb bashku si nj\u00eb grup baleti uji. T\u00eb gjith\u00eb pastrojn\u00eb puplat e tyre roz\u00eb duke q\u00ebndruar me nj\u00eb k\u00ebmb\u00eb n\u00eb diell p\u00ebr or\u00eb t\u00eb t\u00ebra. Madje me nj\u00eb k\u00ebmb\u00eb ata edhe flen\u00eb.<\/p>\n<p>Gjat\u00ebsia e tyre shkon nga 81 deri n\u00eb 130 cm, por pesha e tyre trupore \u00ebsht\u00eb e vog\u00ebl, ajo shkon nga 2 \u2013 3,6 kg. Duke kombinuar pesh\u00ebn dhe ngjyr\u00ebn, flamingot jan\u00eb nd\u00ebr zogjt\u00eb m\u00eb t\u00eb dalluesh\u00ebm nga t\u00eb tjer\u00ebt.\/ atsh<\/p>\n","protected":false},"excerpt":{"rendered":"<p>DIVJAK\u00cb &#8211; Flamingot, zogjt\u00eb me qaf\u00ebn e holl\u00eb dhe t\u00eb harkuar dhe me k\u00ebmb\u00ebt e hijshme vijojn\u00eb t\u00eb jen\u00eb t\u00eb pranishme prej 13 vitesh n\u00eb lagun\u00ebn e parkut Divjak\u00eb-Karavasta. Ministrja e Turizmit dhe Mjedisit, Mirela Kumbaro ndau sot n\u00eb rrjetet sociale pamje t\u00eb flamingove, q\u00eb t\u00ebrheqin vizitor\u00eb t\u00eb shumt\u00eb n\u00eb v\u00ebzhgimin e piruetave t\u00eb tyre. [&hellip;]<\/p>\n","protected":false},"author":1,"featured_media":81068,"comment_status":"open","ping_status":"open","sticky":false,"template":"","format":"standard","meta":{"footnotes":""},"categories":[4],"tags":[6244,6243,52],"class_list":["post-81067","post","type-post","status-publish","format-standard","has-post-thumbnail","hentry","category-kulture","tag-divjake","tag-flamingo","tag-shqiperi"],"_links":{"self":[{"href":"https:\/\/prizrenpost.com\/al\/wp-json\/wp\/v2\/posts\/81067","targetHints":{"allow":["GET"]}}],"collection":[{"href":"https:\/\/prizrenpost.com\/al\/wp-json\/wp\/v2\/posts"}],"about":[{"href":"https:\/\/prizrenpost.com\/al\/wp-json\/wp\/v2\/types\/post"}],"author":[{"embeddable":true,"href":"https:\/\/prizrenpost.com\/al\/wp-json\/wp\/v2\/users\/1"}],"replies":[{"embeddable":true,"href":"https:\/\/prizrenpost.com\/al\/wp-json\/wp\/v2\/comments?post=81067"}],"version-history":[{"count":1,"href":"https:\/\/prizrenpost.com\/al\/wp-json\/wp\/v2\/posts\/81067\/revisions"}],"predecessor-version":[{"id":81069,"href":"https:\/\/prizrenpost.com\/al\/wp-json\/wp\/v2\/posts\/81067\/revisions\/81069"}],"wp:featuredmedia":[{"embeddable":true,"href":"https:\/\/prizrenpost.com\/al\/wp-json\/wp\/v2\/media\/81068"}],"wp:attachment":[{"href":"https:\/\/prizrenpost.com\/al\/wp-json\/wp\/v2\/media?parent=81067"}],"wp:term":[{"taxonomy":"category","embeddable":true,"href":"https:\/\/prizrenpost.com\/al\/wp-json\/wp\/v2\/categories?post=81067"},{"taxonomy":"post_tag","embeddable":true,"href":"https:\/\/prizrenpost.com\/al\/wp-json\/wp\/v2\/tags?post=81067"}],"curies":[{"name":"wp","href":"https:\/\/api.w.org\/{rel}","templated":true}]}}