{"id":81295,"date":"2023-02-27T13:25:43","date_gmt":"2023-02-27T12:25:43","guid":{"rendered":"https:\/\/prizrenpost.com\/al\/?p=81295"},"modified":"2023-02-27T13:25:43","modified_gmt":"2023-02-27T12:25:43","slug":"dy-te-vdekur-dhe-12-raste-me-covid-19-ne-kosove","status":"publish","type":"post","link":"https:\/\/prizrenpost.com\/al\/dy-te-vdekur-dhe-12-raste-me-covid-19-ne-kosove\/","title":{"rendered":"Dy t\u00eb vdekur dhe 12 raste me COVID-19 n\u00eb Kosov\u00eb"},"content":{"rendered":"<p><img decoding=\"async\" src=\"https:\/\/prizrenpost.com\/al\/wp-content\/uploads\/2022\/09\/COVID-ks.jpg\" alt=\"\" width=\"100%\" height=\"\" class=\"alignnone size-full wp-image-65232\" srcset=\"https:\/\/prizrenpost.com\/al\/wp-content\/uploads\/2022\/09\/COVID-ks.jpg 800w, https:\/\/prizrenpost.com\/al\/wp-content\/uploads\/2022\/09\/COVID-ks-300x211.jpg 300w, https:\/\/prizrenpost.com\/al\/wp-content\/uploads\/2022\/09\/COVID-ks-768x540.jpg 768w\" sizes=\"(max-width: 800px) 100vw, 800px\" \/><\/p>\n<p><strong>PRISHTIN\u00cb &#8211; Instituti Komb\u00ebtar i Sh\u00ebndet\u00ebsis\u00eb Publike t\u00eb Kosov\u00ebs ka b\u00ebr\u00eb t\u00eb ditur se 2 persona kan\u00eb humbur jet\u00ebn si pasoj\u00eb e infektimit me COVID-19, n\u00eb 24 or\u00ebt e fundit.<\/strong><\/p>\n<p>N\u00eb 24 or\u00ebt e fundit jan\u00eb konfirmuar 12 raste pozitive, nga 35 testime.<\/p>\n<p>Numri i rasteve aktive \u00ebsht\u00eb gjithsejt\u00eb 204.<\/p>\n","protected":false},"excerpt":{"rendered":"<p>PRISHTIN\u00cb &#8211; Instituti Komb\u00ebtar i Sh\u00ebndet\u00ebsis\u00eb Publike t\u00eb Kosov\u00ebs ka b\u00ebr\u00eb t\u00eb ditur se 2 persona kan\u00eb humbur jet\u00ebn si pasoj\u00eb e infektimit me COVID-19, n\u00eb 24 or\u00ebt e fundit. N\u00eb 24 or\u00ebt e fundit jan\u00eb konfirmuar 12 raste pozitive, nga 35 testime. Numri i rasteve aktive \u00ebsht\u00eb gjithsejt\u00eb 204.<\/p>\n","protected":false},"author":1,"featured_media":65232,"comment_status":"open","ping_status":"open","sticky":false,"template":"","format":"standard","meta":{"footnotes":""},"categories":[5],"tags":[5583,48],"class_list":["post-81295","post","type-post","status-publish","format-standard","has-post-thumbnail","hentry","category-shendetesi","tag-covid19","tag-kosove"],"_links":{"self":[{"href":"https:\/\/prizrenpost.com\/al\/wp-json\/wp\/v2\/posts\/81295","targetHints":{"allow":["GET"]}}],"collection":[{"href":"https:\/\/prizrenpost.com\/al\/wp-json\/wp\/v2\/posts"}],"about":[{"href":"https:\/\/prizrenpost.com\/al\/wp-json\/wp\/v2\/types\/post"}],"author":[{"embeddable":true,"href":"https:\/\/prizrenpost.com\/al\/wp-json\/wp\/v2\/users\/1"}],"replies":[{"embeddable":true,"href":"https:\/\/prizrenpost.com\/al\/wp-json\/wp\/v2\/comments?post=81295"}],"version-history":[{"count":1,"href":"https:\/\/prizrenpost.com\/al\/wp-json\/wp\/v2\/posts\/81295\/revisions"}],"predecessor-version":[{"id":81296,"href":"https:\/\/prizrenpost.com\/al\/wp-json\/wp\/v2\/posts\/81295\/revisions\/81296"}],"wp:featuredmedia":[{"embeddable":true,"href":"https:\/\/prizrenpost.com\/al\/wp-json\/wp\/v2\/media\/65232"}],"wp:attachment":[{"href":"https:\/\/prizrenpost.com\/al\/wp-json\/wp\/v2\/media?parent=81295"}],"wp:term":[{"taxonomy":"category","embeddable":true,"href":"https:\/\/prizrenpost.com\/al\/wp-json\/wp\/v2\/categories?post=81295"},{"taxonomy":"post_tag","embeddable":true,"href":"https:\/\/prizrenpost.com\/al\/wp-json\/wp\/v2\/tags?post=81295"}],"curies":[{"name":"wp","href":"https:\/\/api.w.org\/{rel}","templated":true}]}}