{"id":81303,"date":"2023-02-27T20:50:39","date_gmt":"2023-02-27T19:50:39","guid":{"rendered":"https:\/\/prizrenpost.com\/al\/?p=81303"},"modified":"2023-02-27T20:50:39","modified_gmt":"2023-02-27T19:50:39","slug":"perfundoi-takimi-ne-bruksel-borrelli-tha-se-pati-pajtueshmeri-per-planin-europian","status":"publish","type":"post","link":"https:\/\/prizrenpost.com\/al\/perfundoi-takimi-ne-bruksel-borrelli-tha-se-pati-pajtueshmeri-per-planin-europian\/","title":{"rendered":"P\u00ebrfundoi takimi n\u00eb Bruksel, Borrelli tha se pati pajtueshm\u00ebri p\u00ebr planin europian"},"content":{"rendered":"<p><img decoding=\"async\" src=\"https:\/\/prizrenpost.com\/al\/wp-content\/uploads\/2023\/02\/dialogu.jpg\" alt=\"\" width=\"100%\" height=\"\" class=\"alignnone size-full wp-image-81304\" srcset=\"https:\/\/prizrenpost.com\/al\/wp-content\/uploads\/2023\/02\/dialogu.jpg 2048w, https:\/\/prizrenpost.com\/al\/wp-content\/uploads\/2023\/02\/dialogu-300x195.jpg 300w, https:\/\/prizrenpost.com\/al\/wp-content\/uploads\/2023\/02\/dialogu-1024x666.jpg 1024w, https:\/\/prizrenpost.com\/al\/wp-content\/uploads\/2023\/02\/dialogu-768x499.jpg 768w, https:\/\/prizrenpost.com\/al\/wp-content\/uploads\/2023\/02\/dialogu-1536x998.jpg 1536w\" sizes=\"(max-width: 2048px) 100vw, 2048px\" \/><\/p>\n<p><strong>BRUKSEL &#8211; Shefi i lart\u00eb i BE-s\u00eb p\u00ebr Politik\u00eb t\u00eb Jashtme, Josep Borrell, ka konfirmuar sonte se n\u00eb takimin q\u00eb pati kryeministri Albin Kurti me presidentin serb, Aleksandar Vu\u00e7iq ka pasur pajtueshm\u00ebri p\u00ebr marr\u00ebveshjen e planit evropian.<\/strong><\/p>\n<p>Megjithat\u00eb si\u00e7 specifikoi, pritet q\u00eb gjat\u00eb marsit, t\u00eb ket\u00eb edhe nj\u00eb takim tjet\u00ebr i cili do t\u00eb finalizonte zbatimin e k\u00ebsaj marr\u00ebveshjeje.<\/p>\n<p>\u201dPal\u00ebt kan\u00eb shprehur gatishm\u00ebrin\u00eb e tyre sa i p\u00ebrket zbatimit t\u00eb saj. Kemi nj\u00eb storje t\u00eb gjat\u00eb t\u00eb marr\u00ebveshjes q\u00eb nuk \u00ebsht\u00eb realizuar ende, dhe pal\u00ebt kan\u00eb shprehur gatishm\u00ebrin\u00eb e tyre q\u00eb ta vazhdojn\u00eb zbatimin e saj\u201d.<\/p>\n<p>\u201dAta shpreh\u00ebn gatishm\u00ebrin\u00eb e tyre, p\u00ebr t\u00eb zbatuar marr\u00ebveshjen, por ende nevojiten negociata t\u00eb tjera p\u00ebr t\u00eb p\u00ebrcaktuar modalitete t\u00eb ndryshme\u201d.<\/p>\n<p>Borrell, n\u00eb nj\u00eb konferenc\u00eb p\u00ebr media, pas takimi deklaroi se dialogu do t\u00eb filloj\u00eb s\u00ebrish gjat\u00eb muajit mars dhe se pret nga pala kosovare e ajo serbe t\u00eb mos ket\u00eb veprime t\u00eb pakoordinuara.<\/p>\n<p>\u201cShpresoj q\u00eb asnj\u00eb veprim i pakoordinuar t\u00eb pengoj\u00eb bisedimet n\u00eb Bruksel. Dialogu i leht\u00ebsuar nga BE-ja p\u00ebr normalizimin e marr\u00ebdh\u00ebnieve pa t\u00eb cilin asnj\u00ebra nga pal\u00ebt nuk do t\u00eb mund t\u00eb realizoj t\u00eb ardhmen e tyre evropiane\u201d, tha Borrell.<\/p>\n<p>\u201cMarr\u00ebveshja p\u00ebr normalizimin e marr\u00ebdh\u00ebnieve nuk \u00ebsht\u00eb vet\u00ebm p\u00ebr Kosov\u00ebn dhe Serbin\u00eb, por p\u00ebr t\u00eb gjith\u00eb ne\u201d.<\/p>\n<p>\u201cProgres \u00ebsht\u00eb b\u00ebr\u00eb sot dhe ju rekomandoj pal\u00ebve q\u00eb t\u00eb p\u00ebrfshihen n\u00eb t\u00eb nj\u00ebjt\u00ebn koh\u00eb duhet m\u00eb shum\u00eb pun\u00eb nga pal\u00ebt q\u00eb t\u00eb b\u00ebhet m\u00eb shum\u00eb p\u00ebr at\u00eb t\u00eb cil\u00ebn \u00ebsht\u00eb negociuar. Do t\u00eb vazhdohet me diplomaci dhe nga mesi i marsit shpresoj q\u00eb t\u00eb kemi t\u00eb finalizuar pun\u00ebn\u201d u shpreh Borrell.<\/p>\n","protected":false},"excerpt":{"rendered":"<p>BRUKSEL &#8211; Shefi i lart\u00eb i BE-s\u00eb p\u00ebr Politik\u00eb t\u00eb Jashtme, Josep Borrell, ka konfirmuar sonte se n\u00eb takimin q\u00eb pati kryeministri Albin Kurti me presidentin serb, Aleksandar Vu\u00e7iq ka pasur pajtueshm\u00ebri p\u00ebr marr\u00ebveshjen e planit evropian. Megjithat\u00eb si\u00e7 specifikoi, pritet q\u00eb gjat\u00eb marsit, t\u00eb ket\u00eb edhe nj\u00eb takim tjet\u00ebr i cili do t\u00eb finalizonte [&hellip;]<\/p>\n","protected":false},"author":1,"featured_media":81304,"comment_status":"open","ping_status":"open","sticky":false,"template":"","format":"standard","meta":{"footnotes":""},"categories":[14],"tags":[3803,1686,287,903,799],"class_list":["post-81303","post","type-post","status-publish","format-standard","has-post-thumbnail","hentry","category-kombetare","tag-aktuale","tag-dialogu","tag-kosova","tag-marreveshja","tag-serbia"],"_links":{"self":[{"href":"https:\/\/prizrenpost.com\/al\/wp-json\/wp\/v2\/posts\/81303","targetHints":{"allow":["GET"]}}],"collection":[{"href":"https:\/\/prizrenpost.com\/al\/wp-json\/wp\/v2\/posts"}],"about":[{"href":"https:\/\/prizrenpost.com\/al\/wp-json\/wp\/v2\/types\/post"}],"author":[{"embeddable":true,"href":"https:\/\/prizrenpost.com\/al\/wp-json\/wp\/v2\/users\/1"}],"replies":[{"embeddable":true,"href":"https:\/\/prizrenpost.com\/al\/wp-json\/wp\/v2\/comments?post=81303"}],"version-history":[{"count":1,"href":"https:\/\/prizrenpost.com\/al\/wp-json\/wp\/v2\/posts\/81303\/revisions"}],"predecessor-version":[{"id":81305,"href":"https:\/\/prizrenpost.com\/al\/wp-json\/wp\/v2\/posts\/81303\/revisions\/81305"}],"wp:featuredmedia":[{"embeddable":true,"href":"https:\/\/prizrenpost.com\/al\/wp-json\/wp\/v2\/media\/81304"}],"wp:attachment":[{"href":"https:\/\/prizrenpost.com\/al\/wp-json\/wp\/v2\/media?parent=81303"}],"wp:term":[{"taxonomy":"category","embeddable":true,"href":"https:\/\/prizrenpost.com\/al\/wp-json\/wp\/v2\/categories?post=81303"},{"taxonomy":"post_tag","embeddable":true,"href":"https:\/\/prizrenpost.com\/al\/wp-json\/wp\/v2\/tags?post=81303"}],"curies":[{"name":"wp","href":"https:\/\/api.w.org\/{rel}","templated":true}]}}