{"id":81649,"date":"2023-03-03T11:05:56","date_gmt":"2023-03-03T10:05:56","guid":{"rendered":"https:\/\/prizrenpost.com\/al\/?p=81649"},"modified":"2023-03-04T08:19:25","modified_gmt":"2023-03-04T07:19:25","slug":"kosova-e-serbia-ti-permbahen-planit-te-be-se-per-organizatat-nderkombetare","status":"publish","type":"post","link":"https:\/\/prizrenpost.com\/al\/kosova-e-serbia-ti-permbahen-planit-te-be-se-per-organizatat-nderkombetare\/","title":{"rendered":"Kosova e Serbia t\u2019i p\u00ebrmbahen planit t\u00eb BE-s\u00eb p\u00ebr organizatat nd\u00ebrkomb\u00ebtare"},"content":{"rendered":"<p><strong>BERLIN &#8211; Kryeministri Albin Kurti dhe presidenti i Serbis\u00eb, Aleksandar Vu\u00e7iq, zhvilluan nj\u00eb takim t\u00eb p\u00ebrbashk\u00ebt trepal\u00ebsh m\u00eb 27 shkurt n\u00eb Bruksel, n\u00ebn nd\u00ebrmjet\u00ebsimin e Josep Borrellit dhe Miroslav Laj\u00e7akut.<\/strong><\/p>\n<p>N\u00eb at\u00eb takim \u00ebsht\u00eb diskutuar mbi propozimin evropian. T\u00eb dyja pal\u00ebt u deklaruan pro tij, ndon\u00ebse p\u00ebr t\u00eb nj\u00ebjtin nuk pati n\u00ebnshkrim.<\/p>\n<p>Nd\u00ebr t\u00eb tjera, n\u00eb at\u00eb marr\u00ebveshje thuhet se pal\u00ebt nuk do ta pengojn\u00eb nj\u00ebra-tjetr\u00ebn n\u00eb organizata nd\u00ebrkomb\u00ebtare.<\/p>\n<p>Por, duket se Vu\u00e7iqi nuk e ka marr\u00eb seriozisht k\u00ebt\u00eb dokument.<\/p>\n<p>Presidenti serb tha t\u00eb mart\u00ebn se n\u00eb Bruksel pal\u00ebt nuk jan\u00eb pajtuar p\u00ebr asgj\u00eb, nd\u00ebrsa p\u00ebr pik\u00ebn ku thuhet se \u201cpal\u00ebt t\u00eb mos i nd\u00ebrhyjn\u00eb nj\u00ebra-tjetr\u00ebs p\u00ebr an\u00ebtar\u00ebsime n\u00eb organizata nd\u00ebrkomb\u00ebtare\u201d, presidenti Vu\u00e7iq tha se nuk i ka p\u00eblqyer.<\/p>\n<p>\u201cNd\u00ebrsa un\u00eb jam president i republik\u00ebs, nuk do t\u00eb n\u00ebnshkruaj as njohjen formale e as informale t\u00eb Kosov\u00ebs, as an\u00ebtar\u00ebsimin n\u00eb OKB\u201d, tha Vu\u00e7iqi, derisa pika e kat\u00ebrt e propozimit evropian specifikon se \u201cSerbia nuk do ta kund\u00ebrshtoj\u00eb an\u00ebtar\u00ebsimin e Kosov\u00ebs n\u00eb asnj\u00eb organizat\u00eb nd\u00ebrkomb\u00ebtare\u201d.<\/p>\n<p>P\u00ebr k\u00ebt\u00eb \u00e7\u00ebshtje, Klankosova.tv ka k\u00ebrkuar opinion nga shteti sponsorizues i propozimit evropian, Gjermania, n\u00ebse kjo deklarat\u00eb e Vu\u00e7iqit p\u00ebrb\u00ebn shkelje t\u00eb marr\u00ebveshjes.<\/p>\n<p>N\u00eb nj\u00eb p\u00ebrgjigje me shkrim nga Ambasada e Gjermanis\u00eb n\u00eb Kosov\u00eb kan\u00eb th\u00ebn\u00eb se pal\u00ebt duhet t\u2019u p\u00ebrmbahen p\u00ebrkushtimeve t\u00eb qarta t\u00eb propozimit, n\u00eb ve\u00e7anti nenit p\u00ebr organizatat nd\u00ebrkomb\u00ebtare.<\/p>\n<p>\u201cIshte e r\u00ebnd\u00ebsishme q\u00eb t\u00eb dyja pal\u00ebt erdh\u00ebn n\u00eb Bruksel t\u00eb h\u00ebn\u00ebn dhe ran\u00eb dakord n\u00eb parim p\u00ebr propozimin. U b\u00ebjm\u00eb thirrje t\u00eb dyja pal\u00ebve q\u00eb t\u00eb angazhohen aktivisht n\u00eb procesin e m\u00ebtejsh\u00ebm. Kjo p\u00ebrfshin respektimin e angazhimeve t\u00eb tyre t\u00eb qarta p\u00ebr t\u00eb gjitha aspektet e propozimit, duke p\u00ebrfshir\u00eb ato n\u00eb lidhje me organizatat nd\u00ebrkomb\u00ebtare\u201d, thuhet n\u00eb p\u00ebrgjigjen gjermane p\u00ebr Klan Kosova.<\/p>\n<p>Gjermania tha po ashtu se e mir\u00ebpret rezultatin pozitiv t\u00eb takimit t\u00eb dialogut nga e h\u00ebna n\u00eb Bruksel pasi \u201ct\u00eb dyja pal\u00ebt u pajtuan p\u00ebr Propozimin gjermano-francez\u201d.<\/p>\n<p>Qeveria gjermane, thot\u00eb Ambasada, mb\u00ebshtet fuqish\u00ebm dialogun e udh\u00ebhequr nga BE-ja dhe p\u00ebrpjekjet e P\u00ebrfaq\u00ebsuesit Special t\u00eb BE-s\u00eb Miroslav Laj\u00e7ak.<\/p>\n<p>\u201cPropozimi ofron mund\u00ebsin\u00eb p\u00ebr t\u00eb b\u00ebr\u00eb nj\u00eb hap t\u00eb madh p\u00ebrpara dhe p\u00ebr t\u00eb arritur nj\u00eb normalizim gjith\u00ebp\u00ebrfshir\u00ebs t\u00eb marr\u00ebdh\u00ebnieve. Ky shans duhet t\u00eb p\u00ebrdoret tani nga pal\u00ebt\u201d, potencohet n\u00eb p\u00ebrgjigjen e Ambasad\u00ebs Gjermane n\u00eb Prishtin\u00eb.<\/p>\n<p>Kryeministri Albin Kurti ishte i shpejt\u00eb n\u00eb reagim pas deklarat\u00ebs s\u00eb Vu\u00e7iqit.<\/p>\n<p>Ai tha se \u201cPresidenti i Serbis\u00eb u zotua mbr\u00ebm\u00eb se do ta kund\u00ebrshtoj\u00eb an\u00ebtar\u00ebsimin e Kosov\u00ebs n\u00eb OKB\u201d.<\/p>\n<p>\u201cKjo do t\u00eb p\u00ebrb\u00ebnte nj\u00eb shkelje t\u00eb qart\u00eb t\u00eb nenit t\u00eb 4-t\u00eb t\u00eb propozimit t\u00eb BE-s\u00eb. Normalizimi i marr\u00ebdh\u00ebnieve \u00ebsht\u00eb i mundur vet\u00ebm n\u00ebse t\u00eb dyja pal\u00ebt negociojn\u00eb n\u00eb mir\u00ebbesim. Serbia me sa duket ka vendosur t\u00eb mos e b\u00ebj\u00eb k\u00ebt\u00eb\u201d, tha Kurti  n\u00eb Twitter.<\/p>\n<p>Klankosova.tv ka kontaktuar edhe me Ambasad\u00ebn Amerikane n\u00eb Prishtin\u00eb, por q\u00eb t\u00eb nj\u00ebjtit i jan\u00eb referuar vet\u00ebm deklarimit t\u00eb z\u00ebdh\u00ebn\u00ebsit t\u00eb DASH-it, Ned Price, i cili dit\u00eb m\u00eb par\u00eb l\u00ebshoi nj\u00eb komunikat\u00eb p\u00ebrmes s\u00eb cil\u00ebs p\u00ebrsh\u00ebndeste dakord\u00ebsimin e Kosov\u00ebs dhe Serbis\u00eb p\u00ebr propozimin evropian.<\/p>\n<p>\u201cTakimi i djesh\u00ebm ishte nj\u00eb hap i mir\u00eb p\u00ebrpara, por mbetet nj\u00eb pun\u00eb e v\u00ebshtir\u00eb. Marr\u00ebveshja mbi aneksin e zbatimit \u00ebsht\u00eb thelb\u00ebsore p\u00ebr normalizimin sipas propozimit t\u00eb BE-s\u00eb\u201d, tha Price.<\/p>\n","protected":false},"excerpt":{"rendered":"<p>BERLIN &#8211; Kryeministri Albin Kurti dhe presidenti i Serbis\u00eb, Aleksandar Vu\u00e7iq, zhvilluan nj\u00eb takim t\u00eb p\u00ebrbashk\u00ebt trepal\u00ebsh m\u00eb 27 shkurt n\u00eb Bruksel, n\u00ebn nd\u00ebrmjet\u00ebsimin e Josep Borrellit dhe Miroslav Laj\u00e7akut. N\u00eb at\u00eb takim \u00ebsht\u00eb diskutuar mbi propozimin evropian. T\u00eb dyja pal\u00ebt u deklaruan pro tij, ndon\u00ebse p\u00ebr t\u00eb nj\u00ebjtin nuk pati n\u00ebnshkrim. Nd\u00ebr t\u00eb tjera, [&hellip;]<\/p>\n","protected":false},"author":1,"featured_media":81304,"comment_status":"open","ping_status":"open","sticky":false,"template":"","format":"standard","meta":{"footnotes":""},"categories":[14],"tags":[3803,311,287,903,799],"class_list":["post-81649","post","type-post","status-publish","format-standard","has-post-thumbnail","hentry","category-kombetare","tag-aktuale","tag-gjermania","tag-kosova","tag-marreveshja","tag-serbia"],"_links":{"self":[{"href":"https:\/\/prizrenpost.com\/al\/wp-json\/wp\/v2\/posts\/81649","targetHints":{"allow":["GET"]}}],"collection":[{"href":"https:\/\/prizrenpost.com\/al\/wp-json\/wp\/v2\/posts"}],"about":[{"href":"https:\/\/prizrenpost.com\/al\/wp-json\/wp\/v2\/types\/post"}],"author":[{"embeddable":true,"href":"https:\/\/prizrenpost.com\/al\/wp-json\/wp\/v2\/users\/1"}],"replies":[{"embeddable":true,"href":"https:\/\/prizrenpost.com\/al\/wp-json\/wp\/v2\/comments?post=81649"}],"version-history":[{"count":1,"href":"https:\/\/prizrenpost.com\/al\/wp-json\/wp\/v2\/posts\/81649\/revisions"}],"predecessor-version":[{"id":81650,"href":"https:\/\/prizrenpost.com\/al\/wp-json\/wp\/v2\/posts\/81649\/revisions\/81650"}],"wp:featuredmedia":[{"embeddable":true,"href":"https:\/\/prizrenpost.com\/al\/wp-json\/wp\/v2\/media\/81304"}],"wp:attachment":[{"href":"https:\/\/prizrenpost.com\/al\/wp-json\/wp\/v2\/media?parent=81649"}],"wp:term":[{"taxonomy":"category","embeddable":true,"href":"https:\/\/prizrenpost.com\/al\/wp-json\/wp\/v2\/categories?post=81649"},{"taxonomy":"post_tag","embeddable":true,"href":"https:\/\/prizrenpost.com\/al\/wp-json\/wp\/v2\/tags?post=81649"}],"curies":[{"name":"wp","href":"https:\/\/api.w.org\/{rel}","templated":true}]}}