{"id":81819,"date":"2023-04-13T20:44:11","date_gmt":"2023-04-13T18:44:11","guid":{"rendered":"https:\/\/prizrenpost.com\/al\/?p=81819"},"modified":"2023-04-13T20:57:19","modified_gmt":"2023-04-13T18:57:19","slug":"vuciq-cdo-konflikt-ne-kosove-eshte-konflikt-me-nato-n","status":"publish","type":"post","link":"https:\/\/prizrenpost.com\/al\/vuciq-cdo-konflikt-ne-kosove-eshte-konflikt-me-nato-n\/","title":{"rendered":"Vu\u00e7iq: \u00c7do konflikt n\u00eb Kosov\u00eb \u00ebsht\u00eb konflikt me NATO-n"},"content":{"rendered":"<p><img decoding=\"async\" src=\"https:\/\/prizrenpost.com\/al\/wp-content\/uploads\/2023\/04\/EB99EB42-42A8-40B0-80AC-59A701C14B64.jpeg\" alt=\"\" width=\"100%\" height=\"\" class=\"alignnone size-full wp-image-81825\" srcset=\"https:\/\/prizrenpost.com\/al\/wp-content\/uploads\/2023\/04\/EB99EB42-42A8-40B0-80AC-59A701C14B64.jpeg 1280w, https:\/\/prizrenpost.com\/al\/wp-content\/uploads\/2023\/04\/EB99EB42-42A8-40B0-80AC-59A701C14B64-300x169.jpeg 300w, https:\/\/prizrenpost.com\/al\/wp-content\/uploads\/2023\/04\/EB99EB42-42A8-40B0-80AC-59A701C14B64-1024x576.jpeg 1024w, https:\/\/prizrenpost.com\/al\/wp-content\/uploads\/2023\/04\/EB99EB42-42A8-40B0-80AC-59A701C14B64-768x432.jpeg 768w\" sizes=\"(max-width: 1280px) 100vw, 1280px\" \/><\/p>\n<p>Presidenti i Serbis\u00eb, Aleksandar Vu\u00e7iq, pas takimit n\u00eb Rashk\u00eb me p\u00ebrfaq\u00ebsuesit e serb\u00ebve t\u00eb Kosov\u00ebs, tha se po punon p\u00ebr at\u00eb q\u00eb \u00ebsht\u00eb e mundur dhe se po p\u00ebrpiqet t\u00eb ruaj\u00eb paqen dhe jet\u00ebn e njer\u00ebzve n\u00eb Kosov\u00eb.<\/p>\n<p>Si\u00e7 raportojn\u00eb mediat serbe, Vu\u00e7iq tha se \u00e7do konflikt n\u00eb Kosov\u00eb \u00ebsht\u00eb konflikt me NATO-n.<\/p>\n<p>\u201cJu g\u00eblltisni at\u00eb q\u00eb duhet, b\u00ebni at\u00eb q\u00eb duhet p\u00ebr popullin. Ju nuk u zgjodh\u00ebt p\u00ebr t\u00eb mbajtur zgjedhje p\u00ebr tre dit\u00eb, por p\u00ebr t\u00eb b\u00ebr\u00eb at\u00eb q\u00eb \u00ebsht\u00eb m\u00eb e mira p\u00ebr vendin tuaj. \u00c7do konflikt \u00ebsht\u00eb konflikt me NATO-n, jo me Prishtin\u00ebn, k\u00ebt\u00eb duhet pasur parasysh\u201d, tha Vu\u00e7iq, transmeton Telegrafi.<\/p>\n<p>Ai tha se parakusht p\u00ebr kthimin e serb\u00ebve n\u00eb institucionet e Kosov\u00ebs \u00ebsht\u00eb themelimi i Asociacionit t\u00eb komunave me shumic\u00eb serbe.<\/p>\n<p>Duke paraqitur pes\u00eb konkluzat e takimit, Vu\u00e7iq tha se Asociacioni duhet t\u00eb formohet \u201cekskluzivisht n\u00eb p\u00ebrputhje me marr\u00ebveshjet e arritura n\u00eb Bruksel\u201d.<\/p>\n<p>Kosova dhe Serbia kan\u00eb arritur dy marr\u00ebveshje p\u00ebr Asociacionin, m\u00eb 2013 dhe 2015. Marr\u00ebveshjen e fundit, Gjykata Kushtetuese e Kosov\u00ebs ka th\u00ebn\u00eb se nuk \u00ebsht\u00eb n\u00eb harmoni t\u00eb plot\u00eb me aktin m\u00eb t\u00eb lart\u00eb juridik t\u00eb shtetit, por mund t\u00eb harmonizohet me akte ligjore.<\/p>\n<p>Vu\u00e7iq tha se Asociacioni \u00ebsht\u00eb parakusht edhe p\u00ebr hapat e m\u00ebtejsh\u00ebm n\u00eb dialog si dhe parakusht p\u00ebr kthimin e serb\u00ebve n\u00eb institucione.<\/p>\n<p>Sipas konkluzave t\u00eb lexuara n\u00eb fund t\u00eb takimit me p\u00ebrfaq\u00ebsuesit e serb\u00ebve t\u00eb Kosov\u00ebs, do t\u00eb k\u00ebrkohet reagimi urgjent i Bashkimit Evropian dhe institucioneve tjera n\u00eb bot\u00eb q\u00eb institucionet n\u00eb Prishtin\u00eb \u201cta nd\u00ebrpresin menj\u00ebher\u00eb shkeljen e marr\u00ebveshjes p\u00ebr targat dhe t\u00eb mund\u00ebsojn\u00eb l\u00ebvizjen e papenguar t\u00eb serb\u00ebve, automjetet e t\u00eb cil\u00ebve shfryt\u00ebzojn\u00eb targa legjitime t\u00eb Republik\u00ebs s\u00eb Serbis\u00eb\u201d.<\/p>\n<p>\u201cNuk k\u00ebrkojm\u00eb asgj\u00eb m\u00eb shum\u00eb se Prishtina, pa vones\u00eb, t\u00eb veproj\u00eb n\u00eb p\u00ebrputhje me marr\u00ebveshjet n\u00eb dialog, si dhe me t\u00eb gjitha dokumentet tjera relevante t\u00eb s\u00eb drejt\u00ebs nd\u00ebrkomb\u00ebtare. N\u00eb k\u00ebt\u00eb kuptim, ekipi negociator serb autorizohet q\u00eb n\u00eb p\u00ebrputhje me t\u00eb drejtat q\u00eb i jan\u00eb garantuar pal\u00ebs serbe n\u00eb marr\u00ebveshjet e deritashme p\u00ebr targat, t\u00eb b\u00ebj\u00eb p\u00ebrpjekje shtes\u00eb p\u00ebr gjetjen e nj\u00eb zgjidhjeje kompromisi p\u00ebr k\u00ebt\u00eb \u00e7\u00ebshtje\u201d, theksoi Vu\u00e7iq. \/Telegrafi\/<\/p>\n","protected":false},"excerpt":{"rendered":"<p>Presidenti i Serbis\u00eb, Aleksandar Vu\u00e7iq, pas takimit n\u00eb Rashk\u00eb me p\u00ebrfaq\u00ebsuesit e serb\u00ebve t\u00eb Kosov\u00ebs, tha se po punon p\u00ebr at\u00eb q\u00eb \u00ebsht\u00eb e mundur dhe se po p\u00ebrpiqet t\u00eb ruaj\u00eb paqen dhe jet\u00ebn e njer\u00ebzve n\u00eb Kosov\u00eb. Si\u00e7 raportojn\u00eb mediat serbe, Vu\u00e7iq tha se \u00e7do konflikt n\u00eb Kosov\u00eb \u00ebsht\u00eb konflikt me NATO-n. \u201cJu g\u00eblltisni [&hellip;]<\/p>\n","protected":false},"author":1,"featured_media":81825,"comment_status":"open","ping_status":"open","sticky":false,"template":"","format":"standard","meta":{"footnotes":""},"categories":[2,1],"tags":[3803,1159],"class_list":["post-81819","post","type-post","status-publish","format-standard","has-post-thumbnail","hentry","category-aktuale","category-lajme","tag-aktuale","tag-aleksandar-vucic"],"_links":{"self":[{"href":"https:\/\/prizrenpost.com\/al\/wp-json\/wp\/v2\/posts\/81819","targetHints":{"allow":["GET"]}}],"collection":[{"href":"https:\/\/prizrenpost.com\/al\/wp-json\/wp\/v2\/posts"}],"about":[{"href":"https:\/\/prizrenpost.com\/al\/wp-json\/wp\/v2\/types\/post"}],"author":[{"embeddable":true,"href":"https:\/\/prizrenpost.com\/al\/wp-json\/wp\/v2\/users\/1"}],"replies":[{"embeddable":true,"href":"https:\/\/prizrenpost.com\/al\/wp-json\/wp\/v2\/comments?post=81819"}],"version-history":[{"count":3,"href":"https:\/\/prizrenpost.com\/al\/wp-json\/wp\/v2\/posts\/81819\/revisions"}],"predecessor-version":[{"id":81827,"href":"https:\/\/prizrenpost.com\/al\/wp-json\/wp\/v2\/posts\/81819\/revisions\/81827"}],"wp:featuredmedia":[{"embeddable":true,"href":"https:\/\/prizrenpost.com\/al\/wp-json\/wp\/v2\/media\/81825"}],"wp:attachment":[{"href":"https:\/\/prizrenpost.com\/al\/wp-json\/wp\/v2\/media?parent=81819"}],"wp:term":[{"taxonomy":"category","embeddable":true,"href":"https:\/\/prizrenpost.com\/al\/wp-json\/wp\/v2\/categories?post=81819"},{"taxonomy":"post_tag","embeddable":true,"href":"https:\/\/prizrenpost.com\/al\/wp-json\/wp\/v2\/tags?post=81819"}],"curies":[{"name":"wp","href":"https:\/\/api.w.org\/{rel}","templated":true}]}}