{"id":81933,"date":"2023-04-27T12:11:20","date_gmt":"2023-04-27T10:11:20","guid":{"rendered":"https:\/\/prizrenpost.com\/al\/?p=81933"},"modified":"2023-04-27T12:11:20","modified_gmt":"2023-04-27T10:11:20","slug":"art-dhe-kulture-per-femijet-ne-gjithe-vendin","status":"publish","type":"post","link":"https:\/\/prizrenpost.com\/al\/art-dhe-kulture-per-femijet-ne-gjithe-vendin\/","title":{"rendered":"Art dhe kultur\u00eb p\u00ebr f\u00ebmij\u00ebt n\u00eb gjith\u00eb vendin!"},"content":{"rendered":"<p><img decoding=\"async\" src=\"https:\/\/prizrenpost.com\/al\/wp-content\/uploads\/2023\/04\/ansambli-shota.jpeg\" alt=\"\" width=\"100%\" height=\"\" class=\"alignnone size-full wp-image-81934\" srcset=\"https:\/\/prizrenpost.com\/al\/wp-content\/uploads\/2023\/04\/ansambli-shota.jpeg 1600w, https:\/\/prizrenpost.com\/al\/wp-content\/uploads\/2023\/04\/ansambli-shota-300x184.jpeg 300w, https:\/\/prizrenpost.com\/al\/wp-content\/uploads\/2023\/04\/ansambli-shota-1024x629.jpeg 1024w, https:\/\/prizrenpost.com\/al\/wp-content\/uploads\/2023\/04\/ansambli-shota-768x472.jpeg 768w, https:\/\/prizrenpost.com\/al\/wp-content\/uploads\/2023\/04\/ansambli-shota-1536x944.jpeg 1536w\" sizes=\"(max-width: 1600px) 100vw, 1600px\" \/><\/p>\n<p><strong>Vazhdon prezantimi i trash\u00ebgimis\u00eb kulturore folklorike n\u00ebp\u00ebr shkolla me inicimin e Ministris\u00eb s\u00eb Kultur\u00ebs.<\/strong> <\/p>\n<p>Ansambli Komb\u00ebtar i K\u00ebng\u00ebve dhe Valleve \u201cShota\u201d, ka shpalosur vlerat tona kulturore para nx\u00ebn\u00ebsve t\u00eb shkoll\u00ebs fillore \u201cAbdullah Shabani\u201d n\u00eb Mitrovic\u00eb, ku artist\u00ebt prezantuan k\u00ebng\u00ebt, vallet dhe instrumentet folklorike.<\/p>\n<p>Ky organizim, \u00ebsht\u00eb n\u00eb kuad\u00ebr t\u00eb implementimit t\u00eb programit edukativ t\u00eb prezantimit t\u00eb artit dhe kultur\u00ebs n\u00ebp\u00ebr institucionet shkollore t\u00eb Republik\u00ebs s\u00eb Kosov\u00ebs, q\u00eb ka filluar Ministria e Kultur\u00ebs, pjes\u00eb e t\u00eb cilit jan\u00eb t\u00eb gjitha institucionet komb\u00ebtare t\u00eb kultur\u00ebs.<\/p>\n","protected":false},"excerpt":{"rendered":"<p>Vazhdon prezantimi i trash\u00ebgimis\u00eb kulturore folklorike n\u00ebp\u00ebr shkolla me inicimin e Ministris\u00eb s\u00eb Kultur\u00ebs. Ansambli Komb\u00ebtar i K\u00ebng\u00ebve dhe Valleve \u201cShota\u201d, ka shpalosur vlerat tona kulturore para nx\u00ebn\u00ebsve t\u00eb shkoll\u00ebs fillore \u201cAbdullah Shabani\u201d n\u00eb Mitrovic\u00eb, ku artist\u00ebt prezantuan k\u00ebng\u00ebt, vallet dhe instrumentet folklorike. Ky organizim, \u00ebsht\u00eb n\u00eb kuad\u00ebr t\u00eb implementimit t\u00eb programit edukativ t\u00eb prezantimit [&hellip;]<\/p>\n","protected":false},"author":1,"featured_media":81934,"comment_status":"open","ping_status":"open","sticky":false,"template":"","format":"standard","meta":{"footnotes":""},"categories":[4],"tags":[48,1493,5090],"class_list":["post-81933","post","type-post","status-publish","format-standard","has-post-thumbnail","hentry","category-kulture","tag-kosove","tag-kultura","tag-ministria-e-kultures-rinise-dhe-sportit"],"_links":{"self":[{"href":"https:\/\/prizrenpost.com\/al\/wp-json\/wp\/v2\/posts\/81933","targetHints":{"allow":["GET"]}}],"collection":[{"href":"https:\/\/prizrenpost.com\/al\/wp-json\/wp\/v2\/posts"}],"about":[{"href":"https:\/\/prizrenpost.com\/al\/wp-json\/wp\/v2\/types\/post"}],"author":[{"embeddable":true,"href":"https:\/\/prizrenpost.com\/al\/wp-json\/wp\/v2\/users\/1"}],"replies":[{"embeddable":true,"href":"https:\/\/prizrenpost.com\/al\/wp-json\/wp\/v2\/comments?post=81933"}],"version-history":[{"count":1,"href":"https:\/\/prizrenpost.com\/al\/wp-json\/wp\/v2\/posts\/81933\/revisions"}],"predecessor-version":[{"id":81935,"href":"https:\/\/prizrenpost.com\/al\/wp-json\/wp\/v2\/posts\/81933\/revisions\/81935"}],"wp:featuredmedia":[{"embeddable":true,"href":"https:\/\/prizrenpost.com\/al\/wp-json\/wp\/v2\/media\/81934"}],"wp:attachment":[{"href":"https:\/\/prizrenpost.com\/al\/wp-json\/wp\/v2\/media?parent=81933"}],"wp:term":[{"taxonomy":"category","embeddable":true,"href":"https:\/\/prizrenpost.com\/al\/wp-json\/wp\/v2\/categories?post=81933"},{"taxonomy":"post_tag","embeddable":true,"href":"https:\/\/prizrenpost.com\/al\/wp-json\/wp\/v2\/tags?post=81933"}],"curies":[{"name":"wp","href":"https:\/\/api.w.org\/{rel}","templated":true}]}}