{"id":82011,"date":"2023-05-07T17:27:13","date_gmt":"2023-05-07T15:27:13","guid":{"rendered":"https:\/\/prizrenpost.com\/al\/?p=82011"},"modified":"2023-05-07T17:27:13","modified_gmt":"2023-05-07T15:27:13","slug":"ne-mitingun-e-madh-te-erdoganit-moren-pjese-1-milion-e-700-mije-njerez","status":"publish","type":"post","link":"https:\/\/prizrenpost.com\/al\/ne-mitingun-e-madh-te-erdoganit-moren-pjese-1-milion-e-700-mije-njerez\/","title":{"rendered":"N\u00eb Mitingun e Madh t\u00eb Erdo\u011fanit mor\u00ebn pjes\u00eb 1 milion e 700 mij\u00eb njer\u00ebz"},"content":{"rendered":"<p><img decoding=\"async\" src=\"https:\/\/prizrenpost.com\/al\/wp-content\/uploads\/2023\/05\/erdogan.webp\" alt=\"\" width=\"100%\" height=\"\" class=\"alignnone size-full wp-image-82012\" srcset=\"https:\/\/prizrenpost.com\/al\/wp-content\/uploads\/2023\/05\/erdogan.webp 864w, https:\/\/prizrenpost.com\/al\/wp-content\/uploads\/2023\/05\/erdogan-300x169.webp 300w, https:\/\/prizrenpost.com\/al\/wp-content\/uploads\/2023\/05\/erdogan-768x432.webp 768w\" sizes=\"(max-width: 864px) 100vw, 864px\" \/><\/p>\n<p>Presidenti Rexhep Tajip Erdogan foli n\u00eb Mbledhjen e Madhe t\u00eb AK Partis\u00eb n\u00eb Stamboll t\u00eb mbajtur n\u00eb Kopshtin Komb\u00ebtar t\u00eb Aeroportit Ataturk.<\/p>\n<p>Presidenti Erdogan njoftoi se n\u00eb Takimin e Madh t\u00eb Stambollit mor\u00ebn pjes\u00eb 1 milion e 700 mij\u00eb njer\u00ebz.<\/p>\n<p>Erdogan tha: &#8220;N\u00ebse Stambolli thot\u00eb &#8216;Po&#8217;, kjo ka mbaruar. <\/p>\n<p>Presidenti Erdogan: \u201cShpresojm\u00eb q\u00eb menj\u00ebher\u00eb pas zgjedhjeve t\u00eb b\u00ebjm\u00eb nj\u00eb rregullore p\u00ebr pensionet mbi 7 mij\u00eb e 500 lira\u201d. <\/p>\n<p>Presidenti Erdo\u011fan tha: &#8220;Ne jo vet\u00ebm q\u00eb do t\u00eb shtojm\u00eb diferenc\u00ebn e inflacionit n\u00eb pagat e n\u00ebpun\u00ebsve tan\u00eb civil\u00eb n\u00eb korrik, por do t\u00eb rrisim edhe pjes\u00ebn e mir\u00ebqenies dhe do ta bejme publike t\u00eb mart\u00ebn.&#8221;<\/p>\n","protected":false},"excerpt":{"rendered":"<p>Presidenti Rexhep Tajip Erdogan foli n\u00eb Mbledhjen e Madhe t\u00eb AK Partis\u00eb n\u00eb Stamboll t\u00eb mbajtur n\u00eb Kopshtin Komb\u00ebtar t\u00eb Aeroportit Ataturk. Presidenti Erdogan njoftoi se n\u00eb Takimin e Madh t\u00eb Stambollit mor\u00ebn pjes\u00eb 1 milion e 700 mij\u00eb njer\u00ebz. Erdogan tha: &#8220;N\u00ebse Stambolli thot\u00eb &#8216;Po&#8217;, kjo ka mbaruar. Presidenti Erdogan: \u201cShpresojm\u00eb q\u00eb menj\u00ebher\u00eb pas [&hellip;]<\/p>\n","protected":false},"author":1,"featured_media":82012,"comment_status":"open","ping_status":"open","sticky":false,"template":"","format":"standard","meta":{"footnotes":""},"categories":[24,1],"tags":[3803,2229,1059],"class_list":["post-82011","post","type-post","status-publish","format-standard","has-post-thumbnail","hentry","category-bote","category-lajme","tag-aktuale","tag-erdogan","tag-recep-tayyip-erdogan"],"_links":{"self":[{"href":"https:\/\/prizrenpost.com\/al\/wp-json\/wp\/v2\/posts\/82011","targetHints":{"allow":["GET"]}}],"collection":[{"href":"https:\/\/prizrenpost.com\/al\/wp-json\/wp\/v2\/posts"}],"about":[{"href":"https:\/\/prizrenpost.com\/al\/wp-json\/wp\/v2\/types\/post"}],"author":[{"embeddable":true,"href":"https:\/\/prizrenpost.com\/al\/wp-json\/wp\/v2\/users\/1"}],"replies":[{"embeddable":true,"href":"https:\/\/prizrenpost.com\/al\/wp-json\/wp\/v2\/comments?post=82011"}],"version-history":[{"count":1,"href":"https:\/\/prizrenpost.com\/al\/wp-json\/wp\/v2\/posts\/82011\/revisions"}],"predecessor-version":[{"id":82013,"href":"https:\/\/prizrenpost.com\/al\/wp-json\/wp\/v2\/posts\/82011\/revisions\/82013"}],"wp:featuredmedia":[{"embeddable":true,"href":"https:\/\/prizrenpost.com\/al\/wp-json\/wp\/v2\/media\/82012"}],"wp:attachment":[{"href":"https:\/\/prizrenpost.com\/al\/wp-json\/wp\/v2\/media?parent=82011"}],"wp:term":[{"taxonomy":"category","embeddable":true,"href":"https:\/\/prizrenpost.com\/al\/wp-json\/wp\/v2\/categories?post=82011"},{"taxonomy":"post_tag","embeddable":true,"href":"https:\/\/prizrenpost.com\/al\/wp-json\/wp\/v2\/tags?post=82011"}],"curies":[{"name":"wp","href":"https:\/\/api.w.org\/{rel}","templated":true}]}}