{"id":82199,"date":"2023-06-03T13:19:51","date_gmt":"2023-06-03T11:19:51","guid":{"rendered":"https:\/\/prizrenpost.com\/al\/?p=82199"},"modified":"2023-06-03T13:19:51","modified_gmt":"2023-06-03T11:19:51","slug":"rama-per-bbc-dergimi-i-kryetareve-te-rinj-ne-veri-te-kosoves-hap-i-tepruar","status":"publish","type":"post","link":"https:\/\/prizrenpost.com\/al\/rama-per-bbc-dergimi-i-kryetareve-te-rinj-ne-veri-te-kosoves-hap-i-tepruar\/","title":{"rendered":"Rama p\u00ebr BBC: D\u00ebrgimi i kryetar\u00ebve t\u00eb rinj n\u00eb veri t\u00eb Kosov\u00ebs, hap i tepruar!"},"content":{"rendered":"<p><img decoding=\"async\" src=\"https:\/\/prizrenpost.com\/al\/wp-content\/uploads\/2023\/06\/rama-bbc.webp\" alt=\"\" width=\"100%\" height=\"\" class=\"alignnone size-full wp-image-82200\" srcset=\"https:\/\/prizrenpost.com\/al\/wp-content\/uploads\/2023\/06\/rama-bbc.webp 1280w, https:\/\/prizrenpost.com\/al\/wp-content\/uploads\/2023\/06\/rama-bbc-300x169.webp 300w, https:\/\/prizrenpost.com\/al\/wp-content\/uploads\/2023\/06\/rama-bbc-1024x576.webp 1024w, https:\/\/prizrenpost.com\/al\/wp-content\/uploads\/2023\/06\/rama-bbc-768x432.webp 768w\" sizes=\"(max-width: 1280px) 100vw, 1280px\" \/><\/p>\n<p><strong>TIRAN\u00cb &#8211; Tensioni n\u00eb veri t\u00eb Kosov\u00ebs u krijua nga serb\u00ebt q\u00eb braktis\u00ebn institucionet dhe m\u00eb pas nga autoritetet e Kosov\u00ebs q\u00eb k\u00ebmb\u00ebngul\u00ebn p\u00ebr vendosjen e kryetar\u00ebve t\u00eb rinj n\u00eb godinat e boshatisura, sipas kryeministrit Edi Rama.<\/strong><\/p>\n<p>N\u00eb nj\u00eb intervist\u00eb p\u00ebr BBC, Rama tha se \u201czhvillimi i zgjedhjeve ishte gj\u00eb shum\u00eb e mir\u00eb, p\u00ebr t\u00eb treguar se askush nuk mund t\u00eb marr\u00eb peng procesin demokratik n\u00eb Republik\u00ebn e pavarur t\u00eb Kosov\u00ebs, por nuk ishte ide e mir\u00eb q\u00eb, m\u00eb pas, t\u00eb k\u00ebmb\u00ebngulej q\u00eb k\u00ebta kat\u00ebr kryetar\u00eb t\u00eb hynin n\u00eb nd\u00ebrtesat bosh n\u00ebn mbrojtjen e policis\u00eb, q\u00eb solli nd\u00ebrhyrjen e KFOR-it dhe plagosjen e padrejt\u00eb t\u00eb ushtar\u00ebve t\u00eb KFOR-it\u201d.<\/p>\n<p>N\u00eb intervist\u00ebn kryeministri shpreh bindjen se marr\u00ebveshjen mes Kosov\u00ebs dhe Serbis\u00eb, me nd\u00ebrmjet\u00ebsimin e BE-s\u00eb, \u201cnuk ka asnj\u00eb shans t\u00eb mos b\u00ebhet.<\/p>\n<p>\u201cMendoj se nuk ka asnj\u00eb shans n\u00eb bot\u00eb, si\u00e7 do thoshte dikush\u2026 apo si\u00e7 do thoshte ndonj\u00ebher\u00eb Sht\u00ebpia e Bardh\u00eb, q\u00eb kjo marr\u00ebveshje t\u00eb mos b\u00ebhet. Pyetja e vetme \u00ebsht\u00eb \u201ckur\u201d. Dje ishim t\u00eb gjith\u00eb udh\u00ebheq\u00ebsit n\u00eb Komunitetin Politik Europian n\u00eb Moldavi, dhe t\u00eb gjith\u00eb kishin bindje t\u00eb patundur, sidomos Presidenti francez dhe Kancelari gjerman, se t\u00eb dyja pal\u00ebt dhe Aleksandar Vu\u00e7i\u00e7i dhe Albin Kurti duhet t\u00eb ulen nj\u00ebher\u00eb e mir\u00eb dhe t\u00eb arrijn\u00eb marr\u00ebveshjen dhe ta zbatojn\u00eb at\u00eb\u201d.<\/p>\n<p>M\u00eb tej, Rama thekson se d\u00ebrgimi i kryetar\u00ebve t\u00eb rinj n\u00eb kat\u00ebr komunat n\u00eb veri t\u00eb Kosov\u00ebs, kund\u00ebr k\u00ebshill\u00ebs s\u00eb t\u00eb gjith\u00ebve, ishte hap i nxituar.<\/p>\n<p>\u201cD\u00ebrgimi i k\u00ebtyre kryetar\u00ebve t\u00eb komunave kund\u00ebr k\u00ebshill\u00ebs s\u00eb mir\u00eb t\u00eb gjithkujt \u2013 dhe kur them gjithkujt, e kam fjal\u00ebn p\u00ebr miqt\u00eb dhe partner\u00ebt e m\u00ebdhenj t\u00eb Kosov\u00ebs, pa t\u00eb cil\u00ebt Kosova nuk do t\u00eb ishte ajo q\u00eb \u00ebsht\u00eb sot \u2013 ishte nj\u00eb hap m\u00eb i tep\u00ebrt se\u00e7 duhej. Th\u00ebn\u00eb kjo, mendoj se Serbia ka reshtur s\u00eb qeni rrezik p\u00ebr Kosov\u00ebn q\u00eb prej vitit 1999, e ka humbur nj\u00ebher\u00eb e p\u00ebrgjithmon\u00eb Kosov\u00ebn q\u00eb n\u00eb vitin 1999 dhe tani \u00ebsht\u00eb koha p\u00ebr paqe. \u00cbsht\u00eb koha p\u00ebr normalizim. \u00cbsht\u00eb koha p\u00ebr t\u2019u ulur. \u00cbsht\u00eb koha p\u00ebr t\u00eb pranuar dhe p\u00ebr t\u2019i dh\u00ebn\u00eb Serbis\u00eb at\u00eb q\u00eb ka qen\u00eb m\u00eb par\u00eb n\u00eb marr\u00ebveshje, q\u00eb do t\u00eb thot\u00eb, asociacionin e komunave me popullsi serbe dhe t\u00eb drejt\u00ebn e kish\u00ebs ortodokse serbe q\u00eb t\u00eb ket\u00eb aktivitetin e saj brenda Kosov\u00ebs dhe, nga ana tjet\u00ebr, Serbia duhet t\u00eb heq\u00eb dor\u00eb dhe t\u00eb kuptoj\u00eb q\u00eb Kosova ka ikur dhe t\u00eb pranoj\u00eb njohjen e nd\u00ebrsjell\u00eb\u201d.\/TCH<\/p>\n","protected":false},"excerpt":{"rendered":"<p>TIRAN\u00cb &#8211; Tensioni n\u00eb veri t\u00eb Kosov\u00ebs u krijua nga serb\u00ebt q\u00eb braktis\u00ebn institucionet dhe m\u00eb pas nga autoritetet e Kosov\u00ebs q\u00eb k\u00ebmb\u00ebngul\u00ebn p\u00ebr vendosjen e kryetar\u00ebve t\u00eb rinj n\u00eb godinat e boshatisura, sipas kryeministrit Edi Rama. N\u00eb nj\u00eb intervist\u00eb p\u00ebr BBC, Rama tha se \u201czhvillimi i zgjedhjeve ishte gj\u00eb shum\u00eb e mir\u00eb, p\u00ebr t\u00eb [&hellip;]<\/p>\n","protected":false},"author":1,"featured_media":82200,"comment_status":"open","ping_status":"open","sticky":false,"template":"","format":"standard","meta":{"footnotes":""},"categories":[14],"tags":[3803,369,287,1385],"class_list":["post-82199","post","type-post","status-publish","format-standard","has-post-thumbnail","hentry","category-kombetare","tag-aktuale","tag-edi-rama","tag-kosova","tag-veriu"],"_links":{"self":[{"href":"https:\/\/prizrenpost.com\/al\/wp-json\/wp\/v2\/posts\/82199","targetHints":{"allow":["GET"]}}],"collection":[{"href":"https:\/\/prizrenpost.com\/al\/wp-json\/wp\/v2\/posts"}],"about":[{"href":"https:\/\/prizrenpost.com\/al\/wp-json\/wp\/v2\/types\/post"}],"author":[{"embeddable":true,"href":"https:\/\/prizrenpost.com\/al\/wp-json\/wp\/v2\/users\/1"}],"replies":[{"embeddable":true,"href":"https:\/\/prizrenpost.com\/al\/wp-json\/wp\/v2\/comments?post=82199"}],"version-history":[{"count":1,"href":"https:\/\/prizrenpost.com\/al\/wp-json\/wp\/v2\/posts\/82199\/revisions"}],"predecessor-version":[{"id":82201,"href":"https:\/\/prizrenpost.com\/al\/wp-json\/wp\/v2\/posts\/82199\/revisions\/82201"}],"wp:featuredmedia":[{"embeddable":true,"href":"https:\/\/prizrenpost.com\/al\/wp-json\/wp\/v2\/media\/82200"}],"wp:attachment":[{"href":"https:\/\/prizrenpost.com\/al\/wp-json\/wp\/v2\/media?parent=82199"}],"wp:term":[{"taxonomy":"category","embeddable":true,"href":"https:\/\/prizrenpost.com\/al\/wp-json\/wp\/v2\/categories?post=82199"},{"taxonomy":"post_tag","embeddable":true,"href":"https:\/\/prizrenpost.com\/al\/wp-json\/wp\/v2\/tags?post=82199"}],"curies":[{"name":"wp","href":"https:\/\/api.w.org\/{rel}","templated":true}]}}